{"id":1182,"date":"2025-08-06T12:37:16","date_gmt":"2025-08-06T12:37:16","guid":{"rendered":"https:\/\/www.il-lumina.com\/blog\/?p=1182"},"modified":"2025-08-11T10:05:56","modified_gmt":"2025-08-11T10:05:56","slug":"%f0%9f%8e%97%ef%b8%8f-el-lenguaje-silencioso-de-los-lazos-historia-colores-y-significado","status":"publish","type":"post","link":"https:\/\/www.il-lumina.com\/blog\/%f0%9f%8e%97%ef%b8%8f-el-lenguaje-silencioso-de-los-lazos-historia-colores-y-significado\/","title":{"rendered":"\ud83c\udf97\ufe0fEl lenguaje silencioso de los lazos: historia, colores y significado"},"content":{"rendered":"\n<p class=\"intro-text\">\u00bfAlguna vez te has preguntado qu\u00e9 significan los lazos de colores que ves en la solapa de la gente? No son solo un adorno. Son poderosos s\u00edmbolos de lucha, respeto y esperanza que hablan un lenguaje universal. En este art\u00edculo, exploraremos la fascinante historia de estos emblemas, el significado detr\u00e1s de sus colores y c\u00f3mo se han convertido en herramientas clave para la concienciaci\u00f3n social en todo el mundo.<\/p>\n<h2>\ud83d\udcdc \u00bfDe d\u00f3nde vienen los lazos de concienciaci\u00f3n?<\/h2>\n<p>La tradici\u00f3n de usar un lazo como se\u00f1al de apoyo tiene ra\u00edces culturales profundas. Uno de los primeros usos modernos fue el <strong>lazo amarillo<\/strong>, popularizado en Estados Unidos en la d\u00e9cada de 1970 para mostrar solidaridad con los soldados en guerra. Sin embargo, el punto de inflexi\u00f3n que lo convirti\u00f3 en un s\u00edmbolo de lucha social fue en <strong>1991<\/strong> con la creaci\u00f3n del <strong>lazo rojo<\/strong>.<\/p>\n<p>La organizaci\u00f3n <em>Visual AIDS<\/em> en Nueva York introdujo el lazo rojo para visibilizar la lucha contra el VIH\/SIDA. El color <strong>rojo<\/strong> fue elegido por su fuerza, simbolizando la pasi\u00f3n, el amor y el peligro. Este peque\u00f1o, pero poderoso, lazo no solo buscaba concienciar sobre una epidemia, sino tambi\u00e9n humanizar a quienes la padec\u00edan, rompiendo estigmas y fomentando la empat\u00eda.<\/p>\n<h2>\ud83c\udfa8 \u00bfQu\u00e9 significa cada color de lazo?<\/h2>\n<p>Cada color de lazo lleva un mensaje espec\u00edfico, conectando a las personas con causas importantes. Aqu\u00ed te mostramos una gu\u00eda de los significados m\u00e1s comunes:<\/p>\n<table>\n<thead>\n<tr>\n<th><span class=\"ribbon-emoji\">\ud83c\udf97\ufe0f<\/span> Color del Lazo<\/th>\n<th><span class=\"ribbon-emoji\">\ud83c\udf08<\/span> Significado Principal<\/th>\n<th><span class=\"ribbon-emoji\">\ud83d\udcc6<\/span> D\u00eda Mundial Asociado<\/th>\n<\/tr>\n<\/thead>\n<tbody>\n<tr>\n<td><strong>Rojo<\/strong><\/td>\n<td><strong>VIH\/SIDA<\/strong>: Un llamado a la conciencia global.<\/td>\n<td>1 de diciembre<\/td>\n<\/tr>\n<tr>\n<td><strong>Rosa<\/strong><\/td>\n<td><strong>C\u00e1ncer de mama<\/strong>: S\u00edmbolo de apoyo a la detecci\u00f3n temprana. Tambi\u00e9n se asocia con la lucha contra la violencia hacia la mujer.<\/td>\n<td>Octubre (Mes de la Concienciaci\u00f3n)<\/td>\n<\/tr>\n<tr>\n<td><strong>Morado<\/strong><\/td>\n<td><strong>Violencia de g\u00e9nero<\/strong>: Un grito contra la desigualdad y la violencia. Tambi\u00e9n relacionado con la lucha contra el Alzheimer.<\/td>\n<td>25 de noviembre<\/td>\n<\/tr>\n<tr>\n<td><strong>Azul<\/strong><\/td>\n<td><strong>Prevenci\u00f3n del bullying y c\u00e1ncer de colon<\/strong>: Apoyo a un entorno escolar seguro y la salud intestinal.<\/td>\n<td>Varios<\/td>\n<\/tr>\n<tr>\n<td><strong>Verde<\/strong><\/td>\n<td><strong>Salud mental<\/strong>: Rompe el estigma y promueve el bienestar psicol\u00f3gico. Tambi\u00e9n es un s\u00edmbolo de protecci\u00f3n del medio ambiente.<\/td>\n<td>Mayo (Mes de la Concienciaci\u00f3n)<\/td>\n<\/tr>\n<tr>\n<td><strong>Amarillo<\/strong><\/td>\n<td><strong>C\u00e1ncer infantil y prevenci\u00f3n del suicidio<\/strong>: Muestra apoyo a los ni\u00f1os con c\u00e1ncer y fomenta la esperanza.<\/td>\n<td>15 de febrero \/ septiembre<\/td>\n<\/tr>\n<\/tbody>\n<\/table>\n<h2>\ud83c\udfe2 Un s\u00edmbolo en la fachada o en un balc\u00f3n&#8230; y m\u00e1s all\u00e1<\/h2>\n<p><img loading=\"lazy\" decoding=\"async\" class=\"aligncenter size-full wp-image-1187\" src=\"https:\/\/www.il-lumina.com\/blog\/wp-content\/themes\/breek\/assets\/images\/transparent.gif\" data-lazy=\"true\" data-src=\"https:\/\/www.il-lumina.com\/blog\/wp-content\/uploads\/2025\/08\/lazo-rosa.jpg\" alt=\"\" width=\"611\" height=\"306\" data-srcset=\"https:\/\/www.il-lumina.com\/blog\/wp-content\/uploads\/2025\/08\/lazo-rosa.jpg 611w, https:\/\/www.il-lumina.com\/blog\/wp-content\/uploads\/2025\/08\/lazo-rosa-300x150.jpg 300w, https:\/\/www.il-lumina.com\/blog\/wp-content\/uploads\/2025\/08\/lazo-rosa-100x50.jpg 100w\" data-sizes=\"auto, (max-width: 611px) 100vw, 611px\" \/><\/p>\n<p>Hoy en d\u00eda, los lazos se han instalado en la cultura corporativa y p\u00fablica. Empresas, centros educativos y administraciones los usan como herramientas para generar conciencia social entre sus trabajadores y ciudadanos. Colocados en balcones y fachadas adem\u00e1s de solapas, redes sociales, newsletters y eventos, los lazos no solo muestran apoyo: <strong>educan, sensibilizan y movilizan<\/strong>.<\/p>\n<p><img loading=\"lazy\" decoding=\"async\" class=\"aligncenter size-epcl_single_content wp-image-1189\" src=\"https:\/\/www.il-lumina.com\/blog\/wp-content\/themes\/breek\/assets\/images\/transparent.gif\" data-lazy=\"true\" data-src=\"https:\/\/www.il-lumina.com\/blog\/wp-content\/uploads\/2025\/08\/648936-450x450.jpg\" alt=\"\" width=\"450\" height=\"450\" data-srcset=\"https:\/\/www.il-lumina.com\/blog\/wp-content\/uploads\/2025\/08\/648936-450x450.jpg 450w, https:\/\/www.il-lumina.com\/blog\/wp-content\/uploads\/2025\/08\/648936-300x300.jpg 300w, https:\/\/www.il-lumina.com\/blog\/wp-content\/uploads\/2025\/08\/648936-150x150.jpg 150w, https:\/\/www.il-lumina.com\/blog\/wp-content\/uploads\/2025\/08\/648936-768x768.jpg 768w, https:\/\/www.il-lumina.com\/blog\/wp-content\/uploads\/2025\/08\/648936-100x100.jpg 100w, https:\/\/www.il-lumina.com\/blog\/wp-content\/uploads\/2025\/08\/648936-120x120.jpg 120w, https:\/\/www.il-lumina.com\/blog\/wp-content\/uploads\/2025\/08\/648936.jpg 800w\" data-sizes=\"auto, (max-width: 450px) 100vw, 450px\" \/><br \/>\nDesde <strong>Il-lumina<\/strong>, ofrecemos a instituciones y ayuntamientos un <strong><a href=\"https:\/\/www.il-lumina.com\/es\/carteles-y-luces-decorativas-para-fiestas-ferias-y-carnaval\/6885-figura-lazo-luminoso-rgbw-2-metros-regulable-mando-a-distancia.html\">lazo luminoso de 2 metros programable<\/a><\/strong> que puede cambiar de color f\u00e1cilmente mediante un <em>sencillo mando a distancia<\/em>, adapt\u00e1ndose a cualquier causa o evento con un impacto visual potente y respetuoso.<\/p>\n<hr>\n<div class=\"faq-section\">\n<h2>Preguntas Frecuentes sobre el Significado de los Lazos:<\/h2>\n<h3>\u00bfQu\u00e9 significa el lazo rojo?<\/h3>\n<p>El <strong>lazo rojo<\/strong> es el s\u00edmbolo universal de la lucha contra el VIH\/SIDA. Fue creado en 1991 para concienciar sobre la epidemia, romper estigmas y humanizar a las personas que viven con el virus.<\/p>\n<h3>\u00bfQu\u00e9 significa el lazo rosa?<\/h3>\n<p>El <strong>lazo rosa<\/strong> es el emblema global del c\u00e1ncer de mama. Representa la importancia de la detecci\u00f3n temprana y el apoyo a las pacientes y supervivientes. Tambi\u00e9n se utiliza en la lucha contra la violencia hacia las mujeres.<\/p>\n<h3>\u00bfQu\u00e9 significa el lazo morado?<\/h3>\n<p>El <strong>lazo morado<\/strong> es el s\u00edmbolo de la lucha contra la violencia de g\u00e9nero. Tambi\u00e9n se asocia con la concienciaci\u00f3n sobre el Alzheimer y la protecci\u00f3n de los derechos de las personas mayores.<\/p>\n<h3>\u00bfQu\u00e9 lazo representa la salud mental?<\/h3>\n<p>El <strong>lazo verde<\/strong> es el s\u00edmbolo de la concienciaci\u00f3n sobre la salud mental, utilizado para romper el estigma y promover el bienestar psicol\u00f3gico.<\/p>\n<p>Un lazo no necesita palabras. Habla por s\u00ed solo, mostrando empat\u00eda hacia una causa y alineando valores con acciones. En un mundo saturado de informaci\u00f3n, este s\u00edmbolo sigue siendo relevante por su capacidad de provocar reflexi\u00f3n desde la sencillez.\n    <\/p><\/div>\n<p><\/body><br \/>\n<\/html><\/p>\n","protected":false},"excerpt":{"rendered":"<p>\u00bfAlguna vez te has preguntado qu\u00e9 significan los lazos de colores que ves en la solapa de la gente? No son solo un adorno. Son&#8230;<\/p>\n","protected":false},"author":1,"featured_media":1197,"comment_status":"open","ping_status":"open","sticky":false,"template":"","format":"standard","meta":{"footnotes":""},"categories":[3],"tags":[70,71,66,65,68,67,64,72,69],"class_list":["post-1182","post","type-post","status-publish","format-standard","has-post-thumbnail","hentry","category-tendencias","tag-ayuntamiento","tag-entidades-sin-animo-de-lucro","tag-lazo-amarillo","tag-lazo-azul","tag-lazo-blanco","tag-lazo-celeste","tag-lazo-rojo","tag-ong","tag-simbolo"],"acf":[],"_links":{"self":[{"href":"https:\/\/www.il-lumina.com\/blog\/wp-json\/wp\/v2\/posts\/1182","targetHints":{"allow":["GET"]}}],"collection":[{"href":"https:\/\/www.il-lumina.com\/blog\/wp-json\/wp\/v2\/posts"}],"about":[{"href":"https:\/\/www.il-lumina.com\/blog\/wp-json\/wp\/v2\/types\/post"}],"author":[{"embeddable":true,"href":"https:\/\/www.il-lumina.com\/blog\/wp-json\/wp\/v2\/users\/1"}],"replies":[{"embeddable":true,"href":"https:\/\/www.il-lumina.com\/blog\/wp-json\/wp\/v2\/comments?post=1182"}],"version-history":[{"count":16,"href":"https:\/\/www.il-lumina.com\/blog\/wp-json\/wp\/v2\/posts\/1182\/revisions"}],"predecessor-version":[{"id":1198,"href":"https:\/\/www.il-lumina.com\/blog\/wp-json\/wp\/v2\/posts\/1182\/revisions\/1198"}],"wp:featuredmedia":[{"embeddable":true,"href":"https:\/\/www.il-lumina.com\/blog\/wp-json\/wp\/v2\/media\/1197"}],"wp:attachment":[{"href":"https:\/\/www.il-lumina.com\/blog\/wp-json\/wp\/v2\/media?parent=1182"}],"wp:term":[{"taxonomy":"category","embeddable":true,"href":"https:\/\/www.il-lumina.com\/blog\/wp-json\/wp\/v2\/categories?post=1182"},{"taxonomy":"post_tag","embeddable":true,"href":"https:\/\/www.il-lumina.com\/blog\/wp-json\/wp\/v2\/tags?post=1182"}],"curies":[{"name":"wp","href":"https:\/\/api.w.org\/{rel}","templated":true}]}}