{"id":1212,"date":"2025-11-06T16:10:11","date_gmt":"2025-11-06T16:10:11","guid":{"rendered":"https:\/\/www.il-lumina.com\/blog\/?p=1212"},"modified":"2025-11-10T16:36:42","modified_gmt":"2025-11-10T16:36:42","slug":"como-decorar-con-cortinas-led-plazas-y-calles","status":"publish","type":"post","link":"https:\/\/www.il-lumina.com\/blog\/como-decorar-con-cortinas-led-plazas-y-calles\/","title":{"rendered":"Como decorar con cortinas LED plazas, calles y fachadas: del minimalismo elegante al efecto \u201ccuento de hadas\u201d"},"content":{"rendered":"<p>Las cortinas LED se han consolidado como una de las soluciones m\u00e1s potentes y visualmente impactantes cuando hablamos de<a href=\"https:\/\/www.il-lumina.com\/es\/267-iluminacion-luces-navidad\" target=\"_blank\" rel=\"noopener\"><strong> luces de navidad para exteriores<\/strong><\/a>. Dise\u00f1adas para cubrir grandes superficies, estas instalaciones ofrecen una ambientaci\u00f3n m\u00e1gica que transforma calles, plazas, fachadas de edificios y espacios comerciales en escenarios navide\u00f1os memorables.<\/p>\n<p>En 2025, las tendencias en <a href=\"https:\/\/www.il-lumina.com\/es\/269-cortinas-luces-navidad\" target=\"_blank\" rel=\"noopener\"><strong>cortinas luminosas LED de navidad<\/strong><\/a> van desde la elegancia sobria del minimalismo hasta propuestas envolventes que simulan aut\u00e9nticos <strong>cuentos de hadas<\/strong>. Todo depende del efecto que se quiera lograr, del espacio a intervenir y del estilo visual que busque el municipio o entidad organizadora.<\/p>\n<h2><strong>Una soluci\u00f3n luminosa para ciudades con personalidad<\/strong><\/h2>\n<p>Las <strong>cortinas de luces navide\u00f1as<\/strong> no solo decoran: <strong>unifican, gu\u00edan e invitan<\/strong>. Cuando se colocan a lo largo de calles o avenidas, crean techos de luz que acompa\u00f1an el paseo de vecinos y visitantes. En plazas o fachadas institucionales, generan fondos espectaculares para eventos, fotograf\u00edas y actividades culturales.<\/p>\n<p>Adem\u00e1s, son ideales para destacar balcones, p\u00e9rgolas, columnas, galer\u00edas comerciales o cualquier estructura vertical o a\u00e9rea. Su formato en ca\u00edda las hace especialmente \u00fatiles para cubrir superficies amplias de forma r\u00e1pida y armoniosa.<\/p>\n<h2><strong>Minimalismo o fantas\u00eda: estilos que marcan tendencia<\/strong><\/h2>\n<ul>\n<li>En ciudades que apuestan por una imagen sobria, las <strong>cortinas LED de blanco c\u00e1lido<\/strong> con ca\u00edda regular y destello suave crean una atm\u00f3sfera elegante y atemporal.<\/li>\n<li>En cambio, para propuestas m\u00e1s teatrales o envolventes, se prefieren cortinas con <strong>efectos din\u00e1micos<\/strong>, cambios de color, o integraci\u00f3n con <a href=\"https:\/\/www.il-lumina.com\/es\/45-figuras-de-navidad-3d-led\" target=\"_blank\" rel=\"noopener\"><strong>figuras 3D de Navidad<\/strong><\/a>, <strong>cascadas de luces<\/strong> o <a href=\"https:\/\/www.il-lumina.com\/es\/37-guirnaldas-led\" target=\"_blank\" rel=\"noopener\"><strong>guirnaldas LED<\/strong><\/a>.<\/li>\n<li>Las versiones en <strong>blanco fr\u00edo<\/strong> o con tonos azul hielo ganan popularidad en zonas que buscan un estilo m\u00e1s moderno o \u201cn\u00f3rdico\u201d.<\/li>\n<\/ul>\n<p><img loading=\"lazy\" decoding=\"async\" class=\"aligncenter size-epcl_single_content wp-image-1233\" src=\"https:\/\/www.il-lumina.com\/blog\/wp-content\/themes\/breek\/assets\/images\/transparent.gif\" data-lazy=\"true\" data-src=\"https:\/\/www.il-lumina.com\/blog\/wp-content\/uploads\/2025\/11\/La-Palma-del-Condado-Huelva-1-1-700x394.jpg\" alt=\"\" width=\"700\" height=\"394\" data-srcset=\"https:\/\/www.il-lumina.com\/blog\/wp-content\/uploads\/2025\/11\/La-Palma-del-Condado-Huelva-1-1-700x394.jpg 700w, https:\/\/www.il-lumina.com\/blog\/wp-content\/uploads\/2025\/11\/La-Palma-del-Condado-Huelva-1-1-300x169.jpg 300w, https:\/\/www.il-lumina.com\/blog\/wp-content\/uploads\/2025\/11\/La-Palma-del-Condado-Huelva-1-1-1024x576.jpg 1024w, https:\/\/www.il-lumina.com\/blog\/wp-content\/uploads\/2025\/11\/La-Palma-del-Condado-Huelva-1-1-768x432.jpg 768w, https:\/\/www.il-lumina.com\/blog\/wp-content\/uploads\/2025\/11\/La-Palma-del-Condado-Huelva-1-1-100x56.jpg 100w, https:\/\/www.il-lumina.com\/blog\/wp-content\/uploads\/2025\/11\/La-Palma-del-Condado-Huelva-1-1.jpg 1500w\" data-sizes=\"auto, (max-width: 700px) 100vw, 700px\" \/><\/p>\n<p>El equilibrio entre funcionalidad y est\u00e9tica es clave. Muchas instalaciones buscan adem\u00e1s aportar <strong>luz \u00fatil en zonas oscuras<\/strong>, funcionando como iluminaci\u00f3n decorativa y ambiental al mismo tiempo.<\/p>\n<h2><strong>Tecnolog\u00eda LED, eficiencia y control inteligente<\/strong><\/h2>\n<p>Una de las grandes ventajas de las <strong>cortinas de luces LED<\/strong> es su bajo consumo, alta luminosidad y durabilidad. Los modelos profesionales incluyen:<\/p>\n<ul>\n<li><strong>Protecci\u00f3n IP65 o superior<\/strong>, ideales para resistir lluvia, viento y bajas temperaturas.<\/li>\n<li><strong>Conectores modulares<\/strong>, que permiten ampliar tramos sin perder potencia ni uniformidad.<\/li>\n<li><strong>Control remoto o sistemas DMX<\/strong>, para programar horarios, efectos o apagados autom\u00e1ticos.<\/li>\n<\/ul>\n<p>Estas caracter\u00edsticas son esenciales para ayuntamientos o empresas que necesitan instalaciones seguras, eficientes y f\u00e1ciles de mantener durante semanas.<\/p>\n<p><img loading=\"lazy\" decoding=\"async\" class=\"aligncenter wp-image-1234 size-full\" src=\"https:\/\/www.il-lumina.com\/blog\/wp-content\/themes\/breek\/assets\/images\/transparent.gif\" data-lazy=\"true\" data-src=\"https:\/\/www.il-lumina.com\/blog\/wp-content\/uploads\/2025\/11\/200-3-Cortinas-LED_iluminacion-interior-comercio.jpg\" alt=\"\" width=\"596\" height=\"784\" data-srcset=\"https:\/\/www.il-lumina.com\/blog\/wp-content\/uploads\/2025\/11\/200-3-Cortinas-LED_iluminacion-interior-comercio.jpg 596w, https:\/\/www.il-lumina.com\/blog\/wp-content\/uploads\/2025\/11\/200-3-Cortinas-LED_iluminacion-interior-comercio-228x300.jpg 228w, https:\/\/www.il-lumina.com\/blog\/wp-content\/uploads\/2025\/11\/200-3-Cortinas-LED_iluminacion-interior-comercio-76x100.jpg 76w, https:\/\/www.il-lumina.com\/blog\/wp-content\/uploads\/2025\/11\/200-3-Cortinas-LED_iluminacion-interior-comercio-342x450.jpg 342w\" data-sizes=\"auto, (max-width: 596px) 100vw, 596px\" \/><\/p>\n<p>En nuestro cat\u00e1logo especializado en <strong>iluminaci\u00f3n navide\u00f1a profesional<\/strong>, contamos con una amplia gama de <strong>cortinas LED para exteriores<\/strong>, perfectas para decorar:<\/p>\n<ul>\n<li>Fachadas de edificios municipales o comerciales<\/li>\n<li>Plazas p\u00fablicas y escenarios de eventos<\/li>\n<li>Recorridos peatonales, portales o galer\u00edas<\/li>\n<li>Columnas, p\u00e9rgolas, balcones y estructuras met\u00e1licas<\/li>\n<\/ul>\n<p>Ya sea que busques una instalaci\u00f3n minimalista o una experiencia envolvente, las <strong>cortinas LED de exterior<\/strong> son la clave para transformar cualquier espacio urbano en un espect\u00e1culo navide\u00f1o inolvidable.<\/p>\n","protected":false},"excerpt":{"rendered":"<p>Las cortinas LED se han consolidado como una de las soluciones m\u00e1s potentes y visualmente impactantes cuando hablamos de luces de navidad para exteriores. Dise\u00f1adas&#8230;<\/p>\n","protected":false},"author":1,"featured_media":1232,"comment_status":"open","ping_status":"open","sticky":false,"template":"","format":"standard","meta":{"footnotes":""},"categories":[1],"tags":[],"class_list":["post-1212","post","type-post","status-publish","format-standard","has-post-thumbnail","hentry","category-iluminacion-led"],"acf":[],"_links":{"self":[{"href":"https:\/\/www.il-lumina.com\/blog\/wp-json\/wp\/v2\/posts\/1212","targetHints":{"allow":["GET"]}}],"collection":[{"href":"https:\/\/www.il-lumina.com\/blog\/wp-json\/wp\/v2\/posts"}],"about":[{"href":"https:\/\/www.il-lumina.com\/blog\/wp-json\/wp\/v2\/types\/post"}],"author":[{"embeddable":true,"href":"https:\/\/www.il-lumina.com\/blog\/wp-json\/wp\/v2\/users\/1"}],"replies":[{"embeddable":true,"href":"https:\/\/www.il-lumina.com\/blog\/wp-json\/wp\/v2\/comments?post=1212"}],"version-history":[{"count":4,"href":"https:\/\/www.il-lumina.com\/blog\/wp-json\/wp\/v2\/posts\/1212\/revisions"}],"predecessor-version":[{"id":1248,"href":"https:\/\/www.il-lumina.com\/blog\/wp-json\/wp\/v2\/posts\/1212\/revisions\/1248"}],"wp:featuredmedia":[{"embeddable":true,"href":"https:\/\/www.il-lumina.com\/blog\/wp-json\/wp\/v2\/media\/1232"}],"wp:attachment":[{"href":"https:\/\/www.il-lumina.com\/blog\/wp-json\/wp\/v2\/media?parent=1212"}],"wp:term":[{"taxonomy":"category","embeddable":true,"href":"https:\/\/www.il-lumina.com\/blog\/wp-json\/wp\/v2\/categories?post=1212"},{"taxonomy":"post_tag","embeddable":true,"href":"https:\/\/www.il-lumina.com\/blog\/wp-json\/wp\/v2\/tags?post=1212"}],"curies":[{"name":"wp","href":"https:\/\/api.w.org\/{rel}","templated":true}]}}