{"id":1217,"date":"2025-10-13T16:26:37","date_gmt":"2025-10-13T16:26:37","guid":{"rendered":"https:\/\/www.il-lumina.com\/blog\/?p=1217"},"modified":"2025-10-13T16:26:37","modified_gmt":"2025-10-13T16:26:37","slug":"tendencias-en-guirnaldas-de-luces-navidenas-2025","status":"publish","type":"post","link":"https:\/\/www.il-lumina.com\/blog\/tendencias-en-guirnaldas-de-luces-navidenas-2025\/","title":{"rendered":"Tendencias en guirnaldas de luces navide\u00f1as 2025: colores, formas y dise\u00f1os que triunfan"},"content":{"rendered":"<p>La iluminaci\u00f3n exterior es la gran protagonista de la Navidad 2025. Este a\u00f1o, las <a href=\"https:\/\/www.il-lumina.com\/es\/268-guirnaldas-luces-navidad\"><strong>guirnaldas de luces de navidad de exterior<\/strong><\/a> toman fuerza como recurso clave para transformar fachadas, plazas, farolas y espacios p\u00fablicos en aut\u00e9nticos escenarios navide\u00f1os.<\/p>\n<p>La apuesta est\u00e1 clara: <strong><a href=\"https:\/\/www.il-lumina.com\/es\/267-iluminacion-luces-navidad\">luces de navidad LED<\/a> de bajo consumo<\/strong>, gran resistencia y un dise\u00f1o visualmente impactante. Las guirnaldas de luces navide\u00f1as ya no son simples tiras de bombillas, sino elementos decorativos pensados para adaptarse a grandes estructuras, recorridos urbanos o mobiliario urbano.<\/p>\n<h2><strong>Colores que m\u00e1s veremos en calles y fachadas<\/strong><\/h2>\n<p><img loading=\"lazy\" decoding=\"async\" class=\"aligncenter size-epcl_single_content wp-image-1222\" src=\"https:\/\/www.il-lumina.com\/blog\/wp-content\/themes\/breek\/assets\/images\/transparent.gif\" data-lazy=\"true\" data-src=\"https:\/\/www.il-lumina.com\/blog\/wp-content\/uploads\/2025\/10\/zizzag-390x450.jpg\" alt=\"\" width=\"390\" height=\"450\" data-srcset=\"https:\/\/www.il-lumina.com\/blog\/wp-content\/uploads\/2025\/10\/zizzag-390x450.jpg 390w, https:\/\/www.il-lumina.com\/blog\/wp-content\/uploads\/2025\/10\/zizzag-260x300.jpg 260w, https:\/\/www.il-lumina.com\/blog\/wp-content\/uploads\/2025\/10\/zizzag-87x100.jpg 87w, https:\/\/www.il-lumina.com\/blog\/wp-content\/uploads\/2025\/10\/zizzag.jpg 601w\" data-sizes=\"auto, (max-width: 390px) 100vw, 390px\" \/><\/p>\n<p>El <strong>blanco c\u00e1lido<\/strong> sigue liderando, aportando ese efecto tradicional que tanto gusta. Sin embargo, vemos una clara evoluci\u00f3n hacia combinaciones m\u00e1s contempor\u00e1neas como el <strong>blanco fr\u00edo<\/strong>, el <strong>\u00e1mbar intenso<\/strong> o incluso los <strong>tonos azulados<\/strong>, ideales para crear efectos de hielo o invierno en edificios o farolas.<\/p>\n<p>Cada vez m\u00e1s ayuntamientos y organizadores optan por tonalidades homog\u00e9neas que unifiquen visualmente una calle completa. La tendencia es clara: <strong>menos mezcla, m\u00e1s identidad crom\u00e1tica<\/strong>.<\/p>\n<h2><strong>Formas y dise\u00f1os adaptados al espacio urbano<\/strong><\/h2>\n<p><img loading=\"lazy\" decoding=\"async\" class=\"aligncenter size-epcl_single_content wp-image-1221\" src=\"https:\/\/www.il-lumina.com\/blog\/wp-content\/themes\/breek\/assets\/images\/transparent.gif\" data-lazy=\"true\" data-src=\"https:\/\/www.il-lumina.com\/blog\/wp-content\/uploads\/2025\/10\/cielo-guirnaldas-498x450.jpg\" alt=\"\" width=\"498\" height=\"450\" data-srcset=\"https:\/\/www.il-lumina.com\/blog\/wp-content\/uploads\/2025\/10\/cielo-guirnaldas-498x450.jpg 498w, https:\/\/www.il-lumina.com\/blog\/wp-content\/uploads\/2025\/10\/cielo-guirnaldas-300x271.jpg 300w, https:\/\/www.il-lumina.com\/blog\/wp-content\/uploads\/2025\/10\/cielo-guirnaldas-768x694.jpg 768w, https:\/\/www.il-lumina.com\/blog\/wp-content\/uploads\/2025\/10\/cielo-guirnaldas-100x90.jpg 100w, https:\/\/www.il-lumina.com\/blog\/wp-content\/uploads\/2025\/10\/cielo-guirnaldas.jpg 832w\" data-sizes=\"auto, (max-width: 498px) 100vw, 498px\" \/><\/p>\n<p>Las guirnaldas actuales se adaptan a estructuras arquitect\u00f3nicas de todo tipo. Se colocan en balcones, columnas, tejados, ventanales y farolas. Los modelos tipo <strong>cascada<\/strong>,<a href=\"https:\/\/www.il-lumina.com\/es\/365-luces-navidad-exterior-efecto-lluvia\"> <strong>efecto lluvia<\/strong><\/a> o los de gran longitud est\u00e1n entre los m\u00e1s usados por su capacidad para cubrir amplias superficies con elegancia.<\/p>\n<p>Tambi\u00e9n destacan los dise\u00f1os con <strong>efectos din\u00e1micos<\/strong> (parpadeo, movimiento, intensidad variable), que permiten jugar con el ritmo y la ambientaci\u00f3n de calles enteras.<\/p>\n<h2><strong>Iluminaci\u00f3n funcional y decorativa para espacios p\u00fablicos<\/strong><\/h2>\n<p><img loading=\"lazy\" decoding=\"async\" class=\"aligncenter size-epcl_single_content wp-image-1223\" src=\"https:\/\/www.il-lumina.com\/blog\/wp-content\/themes\/breek\/assets\/images\/transparent.gif\" data-lazy=\"true\" data-src=\"https:\/\/www.il-lumina.com\/blog\/wp-content\/uploads\/2025\/10\/pexels-adriaan-greyling-764564-1-1-675x450.jpg\" alt=\"\" width=\"675\" height=\"450\" data-srcset=\"https:\/\/www.il-lumina.com\/blog\/wp-content\/uploads\/2025\/10\/pexels-adriaan-greyling-764564-1-1-675x450.jpg 675w, https:\/\/www.il-lumina.com\/blog\/wp-content\/uploads\/2025\/10\/pexels-adriaan-greyling-764564-1-1-300x200.jpg 300w, https:\/\/www.il-lumina.com\/blog\/wp-content\/uploads\/2025\/10\/pexels-adriaan-greyling-764564-1-1-768x512.jpg 768w, https:\/\/www.il-lumina.com\/blog\/wp-content\/uploads\/2025\/10\/pexels-adriaan-greyling-764564-1-1-100x67.jpg 100w, https:\/\/www.il-lumina.com\/blog\/wp-content\/uploads\/2025\/10\/pexels-adriaan-greyling-764564-1-1.jpg 994w\" data-sizes=\"auto, (max-width: 675px) 100vw, 675px\" \/><\/p>\n<p>En plazas o zonas de paso, las <strong>guirnaldas LED exteriores<\/strong> se utilizan tanto para embellecer como para iluminar. Este doble uso las convierte en una soluci\u00f3n ideal para proyectos municipales y grandes instalaciones navide\u00f1as.<\/p>\n<p>Adem\u00e1s, los modelos con <strong>control remoto o temporizador<\/strong> facilitan la gesti\u00f3n de horarios de encendido, reduciendo el consumo sin renunciar al impacto visual. En combinaci\u00f3n con otras estructuras como <a href=\"https:\/\/www.il-lumina.com\/es\/43-figuras-luminosas-navidad-led-exteriores\"><strong>figuras luminosas de navidad <\/strong><\/a>o <strong>conos LED<\/strong>, logran una decoraci\u00f3n navide\u00f1a coherente y espectacular.<\/p>\n<p>Transforma tu ciudad, negocio o evento en un punto de referencia esta Navidad. La magia empieza con una buena iluminaci\u00f3n.<\/p>\n","protected":false},"excerpt":{"rendered":"<p>La iluminaci\u00f3n exterior es la gran protagonista de la Navidad 2025. Este a\u00f1o, las guirnaldas de luces de navidad de exterior toman fuerza como recurso&#8230;<\/p>\n","protected":false},"author":1,"featured_media":0,"comment_status":"open","ping_status":"open","sticky":false,"template":"","format":"standard","meta":{"footnotes":""},"categories":[1],"tags":[],"class_list":["post-1217","post","type-post","status-publish","format-standard","hentry","category-iluminacion-led"],"acf":[],"_links":{"self":[{"href":"https:\/\/www.il-lumina.com\/blog\/wp-json\/wp\/v2\/posts\/1217","targetHints":{"allow":["GET"]}}],"collection":[{"href":"https:\/\/www.il-lumina.com\/blog\/wp-json\/wp\/v2\/posts"}],"about":[{"href":"https:\/\/www.il-lumina.com\/blog\/wp-json\/wp\/v2\/types\/post"}],"author":[{"embeddable":true,"href":"https:\/\/www.il-lumina.com\/blog\/wp-json\/wp\/v2\/users\/1"}],"replies":[{"embeddable":true,"href":"https:\/\/www.il-lumina.com\/blog\/wp-json\/wp\/v2\/comments?post=1217"}],"version-history":[{"count":3,"href":"https:\/\/www.il-lumina.com\/blog\/wp-json\/wp\/v2\/posts\/1217\/revisions"}],"predecessor-version":[{"id":1224,"href":"https:\/\/www.il-lumina.com\/blog\/wp-json\/wp\/v2\/posts\/1217\/revisions\/1224"}],"wp:attachment":[{"href":"https:\/\/www.il-lumina.com\/blog\/wp-json\/wp\/v2\/media?parent=1217"}],"wp:term":[{"taxonomy":"category","embeddable":true,"href":"https:\/\/www.il-lumina.com\/blog\/wp-json\/wp\/v2\/categories?post=1217"},{"taxonomy":"post_tag","embeddable":true,"href":"https:\/\/www.il-lumina.com\/blog\/wp-json\/wp\/v2\/tags?post=1217"}],"curies":[{"name":"wp","href":"https:\/\/api.w.org\/{rel}","templated":true}]}}