{"id":1236,"date":"2025-11-10T16:35:28","date_gmt":"2025-11-10T16:35:28","guid":{"rendered":"https:\/\/www.il-lumina.com\/blog\/?p=1236"},"modified":"2025-11-10T16:35:28","modified_gmt":"2025-11-10T16:35:28","slug":"luces-de-navidad-2025-tendencias-de-colores-y-combinaciones-para-calles-y-fachadas","status":"publish","type":"post","link":"https:\/\/www.il-lumina.com\/blog\/luces-de-navidad-2025-tendencias-de-colores-y-combinaciones-para-calles-y-fachadas\/","title":{"rendered":"Luces de Navidad 2025: Tendencias de colores y combinaciones para calles y fachadas"},"content":{"rendered":"<p>Cada a\u00f1o, la <strong>iluminaci\u00f3n de Navidad<\/strong> cobra un nuevo significado en espacios p\u00fablicos. Las luces no solo embellecen calles, plazas o fachadas, sino que tambi\u00e9n generan un ambiente festivo, cohesi\u00f3n ciudadana y dinamismo comercial. En 2025, las tendencias de colores y combinaciones para <a href=\"https:\/\/www.il-lumina.com\/es\/267-iluminacion-luces-navidad\" target=\"_blank\" rel=\"noopener\"><strong>luces de Navidad exterior<\/strong><\/a> vienen cargadas de innovaci\u00f3n, sostenibilidad y elegancia.<\/p>\n<p>En este art\u00edculo te mostramos los colores m\u00e1s populares del a\u00f1o, c\u00f3mo combinarlos y qu\u00e9 tipo de luces utilizar (como <strong><a href=\"https:\/\/www.il-lumina.com\/es\/364-proyectores-luces-de-navidad\" target=\"_blank\" rel=\"noopener\">proyectores de luces de navidad<\/a><\/strong>, <strong>guirnaldas LED o<\/strong>\u00a0<strong>cortinas de luces<\/strong>, entre otras) para lograr un impacto memorable.<\/p>\n<h2><strong>Tendencias de colores de luces de Navidad para 2025<\/strong><\/h2>\n<p>En 2025, los colores navide\u00f1os cl\u00e1sicos se reinventan y comparten protagonismo con tonalidades modernas que reflejan dise\u00f1o, tecnolog\u00eda y sostenibilidad. Estas son las combinaciones m\u00e1s populares:<\/p>\n<h3><strong>Blanco c\u00e1lido y dorado: elegancia atemporal<\/strong><\/h3>\n<p><img loading=\"lazy\" decoding=\"async\" class=\"aligncenter wp-image-1239 \" src=\"https:\/\/www.il-lumina.com\/blog\/wp-content\/themes\/breek\/assets\/images\/transparent.gif\" data-lazy=\"true\" data-src=\"https:\/\/www.il-lumina.com\/blog\/wp-content\/uploads\/2025\/11\/CORTINAS-2.jpg\" alt=\"\" width=\"458\" height=\"508\" data-srcset=\"https:\/\/www.il-lumina.com\/blog\/wp-content\/uploads\/2025\/11\/CORTINAS-2.jpg 609w, https:\/\/www.il-lumina.com\/blog\/wp-content\/uploads\/2025\/11\/CORTINAS-2-271x300.jpg 271w, https:\/\/www.il-lumina.com\/blog\/wp-content\/uploads\/2025\/11\/CORTINAS-2-90x100.jpg 90w, https:\/\/www.il-lumina.com\/blog\/wp-content\/uploads\/2025\/11\/CORTINAS-2-406x450.jpg 406w\" data-sizes=\"auto, (max-width: 458px) 100vw, 458px\" \/><\/p>\n<p>La combinaci\u00f3n de <strong>blanco c\u00e1lido<\/strong> con toques dorados sigue reinando por su elegancia. Ideal para fachadas institucionales, iglesias o plazas emblem\u00e1ticas. Este esquema transmite serenidad, nostalgia y sofisticaci\u00f3n.<\/p>\n<p>\ud83d\udca1 Recomendado para:<\/p>\n<ul>\n<li>Calles hist\u00f3ricas y casco urbano<\/li>\n<li>Centros de arte o cultura<\/li>\n<li>Ayuntamientos con arquitectura cl\u00e1sica<\/li>\n<\/ul>\n<h3><strong>Azul \u00e1rtico y blanco fr\u00edo: modernidad n\u00f3rdica<\/strong><\/h3>\n<p><img loading=\"lazy\" decoding=\"async\" class=\"aligncenter wp-image-1240 size-full\" src=\"https:\/\/www.il-lumina.com\/blog\/wp-content\/themes\/breek\/assets\/images\/transparent.gif\" data-lazy=\"true\" data-src=\"https:\/\/www.il-lumina.com\/blog\/wp-content\/uploads\/2025\/11\/200-17532-Cortina-cascada-LED-2x15m-Leds-azules_Pagina_1_Imagen_0001.jpg\" alt=\"\" width=\"560\" height=\"377\" data-srcset=\"https:\/\/www.il-lumina.com\/blog\/wp-content\/uploads\/2025\/11\/200-17532-Cortina-cascada-LED-2x15m-Leds-azules_Pagina_1_Imagen_0001.jpg 560w, https:\/\/www.il-lumina.com\/blog\/wp-content\/uploads\/2025\/11\/200-17532-Cortina-cascada-LED-2x15m-Leds-azules_Pagina_1_Imagen_0001-300x202.jpg 300w, https:\/\/www.il-lumina.com\/blog\/wp-content\/uploads\/2025\/11\/200-17532-Cortina-cascada-LED-2x15m-Leds-azules_Pagina_1_Imagen_0001-100x67.jpg 100w\" data-sizes=\"auto, (max-width: 560px) 100vw, 560px\" \/><\/p>\n<p>Inspirado en paisajes invernales escandinavos, este d\u00fao es ideal para transmitir una Navidad moderna y tecnol\u00f3gica. El <strong>blanco fr\u00edo LED<\/strong> combinado con <strong>azul \u00e1rtico<\/strong> genera un ambiente contempor\u00e1neo y limpio.<\/p>\n<p>\ud83d\udca1 Recomendado para:<\/p>\n<ul>\n<li>Centros comerciales<\/li>\n<li>Distritos financieros<\/li>\n<li>Eventos institucionales<\/li>\n<\/ul>\n<h3><strong>Rojo y verde esmeralda: el cl\u00e1sico renovado<\/strong><\/h3>\n<p><img loading=\"lazy\" decoding=\"async\" class=\"aligncenter size-epcl_single_content wp-image-1241\" src=\"https:\/\/www.il-lumina.com\/blog\/wp-content\/themes\/breek\/assets\/images\/transparent.gif\" data-lazy=\"true\" data-src=\"https:\/\/www.il-lumina.com\/blog\/wp-content\/uploads\/2025\/11\/colores-verdes-rojos-plaza-700x429.jpg\" alt=\"\" width=\"700\" height=\"429\" data-srcset=\"https:\/\/www.il-lumina.com\/blog\/wp-content\/uploads\/2025\/11\/colores-verdes-rojos-plaza-700x429.jpg 700w, https:\/\/www.il-lumina.com\/blog\/wp-content\/uploads\/2025\/11\/colores-verdes-rojos-plaza-300x184.jpg 300w, https:\/\/www.il-lumina.com\/blog\/wp-content\/uploads\/2025\/11\/colores-verdes-rojos-plaza-1024x627.jpg 1024w, https:\/\/www.il-lumina.com\/blog\/wp-content\/uploads\/2025\/11\/colores-verdes-rojos-plaza-768x470.jpg 768w, https:\/\/www.il-lumina.com\/blog\/wp-content\/uploads\/2025\/11\/colores-verdes-rojos-plaza-100x61.jpg 100w, https:\/\/www.il-lumina.com\/blog\/wp-content\/uploads\/2025\/11\/colores-verdes-rojos-plaza.jpg 1236w\" data-sizes=\"auto, (max-width: 700px) 100vw, 700px\" \/><\/p>\n<p>La paleta tradicional de Navidad cobra vida en 2025 con un <strong>rojo m\u00e1s intenso<\/strong> y un <strong>verde m\u00e1s profundo<\/strong>. Ideal para crear ambientes acogedores y familiares.<\/p>\n<p>\ud83d\udca1 Recomendado para:<\/p>\n<ul>\n<li>Plazas con \u00e1rboles naturales<\/li>\n<li>Mercadillos navide\u00f1os<\/li>\n<li>Zonas escolares o comunitarias<\/li>\n<\/ul>\n<h3><strong>Multicolor pastel: inclusivo y alegre<\/strong><\/h3>\n<p><img loading=\"lazy\" decoding=\"async\" class=\"aligncenter size-epcl_single_content wp-image-1242\" src=\"https:\/\/www.il-lumina.com\/blog\/wp-content\/themes\/breek\/assets\/images\/transparent.gif\" data-lazy=\"true\" data-src=\"https:\/\/www.il-lumina.com\/blog\/wp-content\/uploads\/2025\/11\/colores-multicolor-edificio-700x390.jpg\" alt=\"colores multicolor edificio\" width=\"700\" height=\"390\" data-srcset=\"https:\/\/www.il-lumina.com\/blog\/wp-content\/uploads\/2025\/11\/colores-multicolor-edificio-700x390.jpg 700w, https:\/\/www.il-lumina.com\/blog\/wp-content\/uploads\/2025\/11\/colores-multicolor-edificio-300x167.jpg 300w, https:\/\/www.il-lumina.com\/blog\/wp-content\/uploads\/2025\/11\/colores-multicolor-edificio-768x428.jpg 768w, https:\/\/www.il-lumina.com\/blog\/wp-content\/uploads\/2025\/11\/colores-multicolor-edificio-100x56.jpg 100w, https:\/\/www.il-lumina.com\/blog\/wp-content\/uploads\/2025\/11\/colores-multicolor-edificio.jpg 829w\" data-sizes=\"auto, (max-width: 700px) 100vw, 700px\" \/><\/p>\n<p>Las luces en tonos <strong>pastel multicolor<\/strong> (rosado, celeste, lavanda, verde menta) son tendencia en ciudades que apuestan por una est\u00e9tica m\u00e1s art\u00edstica e inclusiva. Reflejan diversidad, creatividad y alegr\u00eda.<\/p>\n<p>\ud83d\udca1 Recomendado para:<\/p>\n<ul>\n<li>Espacios juveniles o culturales<\/li>\n<li>Escenarios interactivos<\/li>\n<li>Instalaciones art\u00edsticas urbanas<\/li>\n<\/ul>\n<h2><strong>C\u00f3mo combinar colores navide\u00f1os sin sobrecargar el entorno<\/strong><\/h2>\n<p><img loading=\"lazy\" decoding=\"async\" class=\"aligncenter size-full wp-image-1243\" src=\"https:\/\/www.il-lumina.com\/blog\/wp-content\/themes\/breek\/assets\/images\/transparent.gif\" data-lazy=\"true\" data-src=\"https:\/\/www.il-lumina.com\/blog\/wp-content\/uploads\/2025\/11\/combinacion-de-colores-luces-navidad.jpg\" alt=\"combinacion de colores luces navidad\" width=\"714\" height=\"373\" data-srcset=\"https:\/\/www.il-lumina.com\/blog\/wp-content\/uploads\/2025\/11\/combinacion-de-colores-luces-navidad.jpg 714w, https:\/\/www.il-lumina.com\/blog\/wp-content\/uploads\/2025\/11\/combinacion-de-colores-luces-navidad-300x157.jpg 300w, https:\/\/www.il-lumina.com\/blog\/wp-content\/uploads\/2025\/11\/combinacion-de-colores-luces-navidad-100x52.jpg 100w, https:\/\/www.il-lumina.com\/blog\/wp-content\/uploads\/2025\/11\/combinacion-de-colores-luces-navidad-700x366.jpg 700w\" data-sizes=\"auto, (max-width: 714px) 100vw, 714px\" \/><\/p>\n<p>Para lograr un impacto visual positivo, las combinaciones de colores deben pensarse en armon\u00eda con el entorno. Aqu\u00ed algunos consejos clave:<\/p>\n<ul>\n<li>Elige <strong>2 a 3 colores base<\/strong> como m\u00e1ximo.<\/li>\n<li>Evita mezclar <strong>temperaturas de luz<\/strong> (no combines blanco c\u00e1lido con blanco fr\u00edo sin un prop\u00f3sito claro).<\/li>\n<li>Considera los colores arquitect\u00f3nicos del espacio.<\/li>\n<li>Usa los colores de forma <strong>jer\u00e1rquica<\/strong>: uno dominante, uno secundario y uno puntual para detalles.<\/li>\n<\/ul>\n<h2><strong>Tipos de luces navide\u00f1as ideales para exteriores en 2025<\/strong><\/h2>\n<p><img loading=\"lazy\" decoding=\"async\" class=\"aligncenter  wp-image-1244\" src=\"https:\/\/www.il-lumina.com\/blog\/wp-content\/themes\/breek\/assets\/images\/transparent.gif\" data-lazy=\"true\" data-src=\"https:\/\/www.il-lumina.com\/blog\/wp-content\/uploads\/2025\/11\/combinacion-de-luces-de-navidad-para-exterior.jpg\" alt=\"\" width=\"633\" height=\"402\" data-srcset=\"https:\/\/www.il-lumina.com\/blog\/wp-content\/uploads\/2025\/11\/combinacion-de-luces-de-navidad-para-exterior.jpg 1244w, https:\/\/www.il-lumina.com\/blog\/wp-content\/uploads\/2025\/11\/combinacion-de-luces-de-navidad-para-exterior-300x191.jpg 300w, https:\/\/www.il-lumina.com\/blog\/wp-content\/uploads\/2025\/11\/combinacion-de-luces-de-navidad-para-exterior-1024x650.jpg 1024w, https:\/\/www.il-lumina.com\/blog\/wp-content\/uploads\/2025\/11\/combinacion-de-luces-de-navidad-para-exterior-768x488.jpg 768w, https:\/\/www.il-lumina.com\/blog\/wp-content\/uploads\/2025\/11\/combinacion-de-luces-de-navidad-para-exterior-100x64.jpg 100w, https:\/\/www.il-lumina.com\/blog\/wp-content\/uploads\/2025\/11\/combinacion-de-luces-de-navidad-para-exterior-700x445.jpg 700w\" data-sizes=\"auto, (max-width: 633px) 100vw, 633px\" \/><\/p>\n<p>La elecci\u00f3n de los dispositivos de iluminaci\u00f3n es tan importante como el color. Estas son las opciones m\u00e1s populares y funcionales para exteriores:<\/p>\n<h3><strong>Guirnaldas de luces LED<\/strong><\/h3>\n<p>Las <a href=\"https:\/\/www.il-lumina.com\/es\/268-guirnaldas-luces-navidad\" target=\"_blank\" rel=\"noopener\"><strong>guirnaldas de luces de exterior<\/strong><\/a> son vers\u00e1tiles y f\u00e1ciles de instalar. Se usan en farolas, \u00e1rboles, barandillas y aleros. En 2025, destacan las versiones con <strong>efectos din\u00e1micos<\/strong> programables y bajo consumo energ\u00e9tico.<\/p>\n<h2><strong>Cortinas de luces<\/strong><\/h2>\n<p>Ideales para cubrir fachadas, ventanas o muros. Las <a href=\"https:\/\/www.il-lumina.com\/es\/269-cortinas-luces-navidad\" target=\"_blank\" rel=\"noopener\"><strong>cortinas de luces LED<\/strong><\/a> con ca\u00edda vertical generan un efecto de cascada brillante muy impactante.<\/p>\n<h3><strong>Proyectores de luces navide\u00f1as<\/strong><\/h3>\n<p>Los <strong>proyectores de luces<\/strong> permiten ambientar grandes superficies con patrones navide\u00f1os en movimiento. Son perfectos para fachadas de edificios p\u00fablicos o centros comerciales, ya que requieren poca instalaci\u00f3n f\u00edsica.<\/p>\n<h3><strong>Luces de Navidad efecto lluvia (Meteoros y estalactitas)<\/strong><\/h3>\n<p>Las <strong>luces meteoros<\/strong> o de <strong>efecto lluvia<\/strong> simulan la ca\u00edda de copos o estrellas, generando un efecto din\u00e1mico muy atractivo. Son ideales para \u00e1rboles altos, aleros o p\u00e9rgolas. Las versiones tipo <strong>estalactita<\/strong> son especialmente recomendadas para alinear cornisas o marquesinas.<\/p>\n<h3><strong>Conos LED<\/strong><\/h3>\n<p>Los <strong>conos luminosos LED<\/strong> son estructuras verticales en forma de \u00e1rbol de Navidad que pueden instalarse en plazas, rotondas o entradas institucionales. Est\u00e1n disponibles en distintos tama\u00f1os y permiten efectos programables.<\/p>\n<h3><strong>Figuras Luminosas de Navidad<\/strong><\/h3>\n<p>Desde estrellas y copos de nieve hasta campanas o renos, las <a href=\"https:\/\/www.il-lumina.com\/es\/43-figuras-luminosas-navidad-led-exteriores\" target=\"_blank\" rel=\"noopener\"><strong>figuras luminosas LED de navidad<\/strong><\/a>\u00a0aportan un toque tem\u00e1tico muy reconocible. Son f\u00e1ciles de integrar en farolas, muros o fachadas.<\/p>\n<h3><strong>Figuras 3D de Navidad LED<\/strong><\/h3>\n<p>Las <strong>figuras 3D navide\u00f1as<\/strong> hechas con estructura met\u00e1lica y luces LED son una de las grandes tendencias en 2025. Representan desde trineos, \u00e1rboles gigantes o bolas decorativas hasta escenas completas, y se convierten en puntos de atracci\u00f3n tur\u00edstica o para selfies.<\/p>\n<h2><strong>Iluminaci\u00f3n sostenible: clave en 2025<\/strong><\/h2>\n<p>Cada vez m\u00e1s ayuntamientos e instituciones apuestan por una <strong>iluminaci\u00f3n de Navidad sostenible<\/strong>, tanto por razones medioambientales como presupuestarias.<\/p>\n<p><strong>Tendencias clave:<\/strong><\/p>\n<ul>\n<li>Uso exclusivo de <strong>tecnolog\u00eda LED de bajo consumo<br \/>\n<\/strong><\/li>\n<li>Sistemas programables con <strong>encendido por horarios o sensores de movimiento<br \/>\n<\/strong><\/li>\n<li>Integraci\u00f3n con energ\u00edas renovables, como paneles solares<\/li>\n<li>Reciclaje y reutilizaci\u00f3n de estructuras lum\u00ednicas a\u00f1o tras a\u00f1o<\/li>\n<\/ul>\n<p>\ud83d\udc49 Este enfoque no solo reduce la huella ecol\u00f3gica, sino que mejora la imagen institucional frente a los ciudadanos.<\/p>\n<h2><strong>Recomendaciones para ayuntamientos e instituciones<\/strong><\/h2>\n<p>Antes de planificar la instalaci\u00f3n navide\u00f1a, ten en cuenta:<\/p>\n<ol>\n<li><strong>Eval\u00faa el espacio urbano<\/strong>: \u00bfQu\u00e9 tipo de calles, \u00e1rboles, fachadas o plazas tienes?<\/li>\n<li><strong>Define el mensaje visual<\/strong>: \u00bfDeseas transmitir elegancia, modernidad, tradici\u00f3n o inclusi\u00f3n?<\/li>\n<li><strong>Consulta a proveedores especializados<\/strong>: Busca propuestas adaptadas a espacios p\u00fablicos.<\/li>\n<li><strong>Prioriza seguridad y eficiencia<\/strong>: Usa luces certificadas para exterior, resistentes a la intemperie y de bajo voltaje.<\/li>\n<li><strong>Dise\u00f1a experiencias visuales<\/strong>: Considera espect\u00e1culos de luz y sonido programados.<\/li>\n<\/ol>\n<h2><strong>Cierra el a\u00f1o con luz\u2026 y estrategia<\/strong><\/h2>\n<p>Invertir en una <strong>iluminaci\u00f3n de Navidad bien planificada<\/strong> no solo embellece los espacios p\u00fablicos, tambi\u00e9n dinamiza el turismo, fomenta la actividad comercial y mejora la percepci\u00f3n institucional. En 2025, la clave est\u00e1 en combinar dise\u00f1o, tecnolog\u00eda y sostenibilidad para crear experiencias que iluminen m\u00e1s all\u00e1 de lo visual. Si est\u00e1s buscando un proveedor de <strong><a href=\"https:\/\/www.il-lumina.com\/blog\/luces-de-navidad-al-por-mayor\/\" target=\"_blank\" rel=\"noopener\">luces de navidad al por mayor<\/a><\/strong>, no dudes en ponerte en contacto con nuestro equipo comercial, preparamos tu proyecto personalizado.<\/p>\n","protected":false},"excerpt":{"rendered":"<p>Cada a\u00f1o, la iluminaci\u00f3n de Navidad cobra un nuevo significado en espacios p\u00fablicos. Las luces no solo embellecen calles, plazas o fachadas, sino que tambi\u00e9n&#8230;<\/p>\n","protected":false},"author":1,"featured_media":1245,"comment_status":"open","ping_status":"open","sticky":false,"template":"","format":"standard","meta":{"footnotes":""},"categories":[1],"tags":[],"class_list":["post-1236","post","type-post","status-publish","format-standard","has-post-thumbnail","hentry","category-iluminacion-led"],"acf":[],"_links":{"self":[{"href":"https:\/\/www.il-lumina.com\/blog\/wp-json\/wp\/v2\/posts\/1236","targetHints":{"allow":["GET"]}}],"collection":[{"href":"https:\/\/www.il-lumina.com\/blog\/wp-json\/wp\/v2\/posts"}],"about":[{"href":"https:\/\/www.il-lumina.com\/blog\/wp-json\/wp\/v2\/types\/post"}],"author":[{"embeddable":true,"href":"https:\/\/www.il-lumina.com\/blog\/wp-json\/wp\/v2\/users\/1"}],"replies":[{"embeddable":true,"href":"https:\/\/www.il-lumina.com\/blog\/wp-json\/wp\/v2\/comments?post=1236"}],"version-history":[{"count":3,"href":"https:\/\/www.il-lumina.com\/blog\/wp-json\/wp\/v2\/posts\/1236\/revisions"}],"predecessor-version":[{"id":1246,"href":"https:\/\/www.il-lumina.com\/blog\/wp-json\/wp\/v2\/posts\/1236\/revisions\/1246"}],"wp:featuredmedia":[{"embeddable":true,"href":"https:\/\/www.il-lumina.com\/blog\/wp-json\/wp\/v2\/media\/1245"}],"wp:attachment":[{"href":"https:\/\/www.il-lumina.com\/blog\/wp-json\/wp\/v2\/media?parent=1236"}],"wp:term":[{"taxonomy":"category","embeddable":true,"href":"https:\/\/www.il-lumina.com\/blog\/wp-json\/wp\/v2\/categories?post=1236"},{"taxonomy":"post_tag","embeddable":true,"href":"https:\/\/www.il-lumina.com\/blog\/wp-json\/wp\/v2\/tags?post=1236"}],"curies":[{"name":"wp","href":"https:\/\/api.w.org\/{rel}","templated":true}]}}