{"id":1252,"date":"2025-11-17T08:20:05","date_gmt":"2025-11-17T08:20:05","guid":{"rendered":"https:\/\/www.il-lumina.com\/blog\/?p=1252"},"modified":"2025-11-18T08:30:46","modified_gmt":"2025-11-18T08:30:46","slug":"decoracion-y-luces-de-navidad-exterior-para-grandes-espacios-plazas-centros-comerciales-y-fachadas-monumentales","status":"publish","type":"post","link":"https:\/\/www.il-lumina.com\/blog\/decoracion-y-luces-de-navidad-exterior-para-grandes-espacios-plazas-centros-comerciales-y-fachadas-monumentales\/","title":{"rendered":"Decoraci\u00f3n y Luces de Navidad exterior para grandes espacios: plazas, centros comerciales y fachadas monumentales"},"content":{"rendered":"<p>La <strong>iluminaci\u00f3n navide\u00f1a exterior<\/strong> tiene un poder inigualable para transformar espacios p\u00fablicos en aut\u00e9nticos escenarios m\u00e1gicos. Ya sea una plaza c\u00e9ntrica, la fachada de un edificio hist\u00f3rico o un centro comercial, las <a href=\"https:\/\/www.il-lumina.com\/es\/267-iluminacion-luces-navidad\" target=\"_blank\" rel=\"noopener\"><strong>luces de Navidad para calles y exteriores<\/strong><\/a> no solo embellecen el entorno, sino que generan experiencias memorables, impulsan el comercio y fortalecen la identidad de marca o ciudad.<\/p>\n<p>Si gestionas un gran espacio y buscas inspiraci\u00f3n, aqu\u00ed encontrar\u00e1s ideas y productos imprescindibles para convertirlo en un punto de referencia navide\u00f1o.<\/p>\n<h2><strong>\u00bfPor qu\u00e9 es clave la iluminaci\u00f3n navide\u00f1a en espacios p\u00fablicos?<\/strong><\/h2>\n<p>La decoraci\u00f3n navide\u00f1a en exteriores no es solo un detalle est\u00e9tico: es una <strong>estrategia de atracci\u00f3n<\/strong>. Cuando se planifica bien, tiene el poder de:<\/p>\n<ul>\n<li>Aumentar el flujo de visitantes en zonas comerciales.<\/li>\n<li>Promover la interacci\u00f3n social y el turismo urbano.<\/li>\n<li>Posicionar espacios como s\u00edmbolos festivos en redes sociales.<\/li>\n<li>Generar emoci\u00f3n, calidez y esp\u00edritu navide\u00f1o.<\/li>\n<\/ul>\n<p>Adem\u00e1s, con la tecnolog\u00eda LED actual, es posible crear espect\u00e1culos visuales de alto impacto con <strong>eficiencia energ\u00e9tica y seguridad<\/strong>.<\/p>\n<h2><strong>Decoraci\u00f3n navide\u00f1a para plazas, centros comerciales y fachadas monumentales<\/strong><\/h2>\n<p>Los grandes espacios requieren soluciones a gran escala, pero tambi\u00e9n vers\u00e1tiles. Aqu\u00ed tienes algunas de las opciones m\u00e1s eficaces para lograr una decoraci\u00f3n navide\u00f1a espectacular y funcional:<\/p>\n<h3><strong>\u00c1rboles gigantes de Navidad<\/strong><\/h3>\n<p><img loading=\"lazy\" decoding=\"async\" class=\"aligncenter  wp-image-1261\" src=\"https:\/\/www.il-lumina.com\/blog\/wp-content\/themes\/breek\/assets\/images\/transparent.gif\" data-lazy=\"true\" data-src=\"https:\/\/www.il-lumina.com\/blog\/wp-content\/uploads\/2025\/11\/arboles-grandes-de-navidad.jpg\" alt=\"\" width=\"441\" height=\"440\" data-srcset=\"https:\/\/www.il-lumina.com\/blog\/wp-content\/uploads\/2025\/11\/arboles-grandes-de-navidad.jpg 663w, https:\/\/www.il-lumina.com\/blog\/wp-content\/uploads\/2025\/11\/arboles-grandes-de-navidad-300x300.jpg 300w, https:\/\/www.il-lumina.com\/blog\/wp-content\/uploads\/2025\/11\/arboles-grandes-de-navidad-150x150.jpg 150w, https:\/\/www.il-lumina.com\/blog\/wp-content\/uploads\/2025\/11\/arboles-grandes-de-navidad-100x100.jpg 100w, https:\/\/www.il-lumina.com\/blog\/wp-content\/uploads\/2025\/11\/arboles-grandes-de-navidad-451x450.jpg 451w, https:\/\/www.il-lumina.com\/blog\/wp-content\/uploads\/2025\/11\/arboles-grandes-de-navidad-120x120.jpg 120w\" data-sizes=\"auto, (max-width: 441px) 100vw, 441px\" \/><\/p>\n<p>Son el <strong>s\u00edmbolo visual por excelencia<\/strong>. Los <a href=\"https:\/\/www.il-lumina.com\/es\/44-arboles-de-navidad-grandes\" target=\"_blank\" rel=\"noopener\"><strong>\u00e1rboles grandes de Navidad<\/strong><\/a> pueden personalizarse en altura, colores, materiales y animaciones luminosas. Colocados en plazas o accesos principales, se convierten en punto de encuentro y fotograf\u00edas virales.<\/p>\n<h3><strong>Conos LED para exterior<\/strong><\/h3>\n<p><img loading=\"lazy\" decoding=\"async\" class=\"aligncenter  wp-image-1262\" src=\"https:\/\/www.il-lumina.com\/blog\/wp-content\/themes\/breek\/assets\/images\/transparent.gif\" data-lazy=\"true\" data-src=\"https:\/\/www.il-lumina.com\/blog\/wp-content\/uploads\/2025\/11\/conos-led-1.jpg\" alt=\"\" width=\"324\" height=\"440\" data-srcset=\"https:\/\/www.il-lumina.com\/blog\/wp-content\/uploads\/2025\/11\/conos-led-1.jpg 429w, https:\/\/www.il-lumina.com\/blog\/wp-content\/uploads\/2025\/11\/conos-led-1-221x300.jpg 221w, https:\/\/www.il-lumina.com\/blog\/wp-content\/uploads\/2025\/11\/conos-led-1-74x100.jpg 74w, https:\/\/www.il-lumina.com\/blog\/wp-content\/uploads\/2025\/11\/conos-led-1-332x450.jpg 332w\" data-sizes=\"auto, (max-width: 324px) 100vw, 324px\" \/><\/p>\n<p>Una alternativa moderna a los \u00e1rboles tradicionales. Los <a href=\"https:\/\/www.il-lumina.com\/es\/271-conos-de-navidad-led\" target=\"_blank\" rel=\"noopener\"><strong>conos LED<\/strong><\/a> son ligeros, modulares y se adaptan a m\u00faltiples alturas. Puedes alinearlos, agruparlos o usarlos como elementos independientes.<\/p>\n<p><strong>Guirnaldas de luces LED<\/strong><\/p>\n<p><img loading=\"lazy\" decoding=\"async\" class=\"aligncenter  wp-image-1263\" src=\"https:\/\/www.il-lumina.com\/blog\/wp-content\/themes\/breek\/assets\/images\/transparent.gif\" data-lazy=\"true\" data-src=\"https:\/\/www.il-lumina.com\/blog\/wp-content\/uploads\/2025\/11\/guirnaldas.jpg\" alt=\"\" width=\"658\" height=\"423\" data-srcset=\"https:\/\/www.il-lumina.com\/blog\/wp-content\/uploads\/2025\/11\/guirnaldas.jpg 909w, https:\/\/www.il-lumina.com\/blog\/wp-content\/uploads\/2025\/11\/guirnaldas-300x193.jpg 300w, https:\/\/www.il-lumina.com\/blog\/wp-content\/uploads\/2025\/11\/guirnaldas-768x493.jpg 768w, https:\/\/www.il-lumina.com\/blog\/wp-content\/uploads\/2025\/11\/guirnaldas-100x64.jpg 100w, https:\/\/www.il-lumina.com\/blog\/wp-content\/uploads\/2025\/11\/guirnaldas-700x450.jpg 700w\" data-sizes=\"auto, (max-width: 658px) 100vw, 658px\" \/><\/p>\n<p>Las <a href=\"https:\/\/www.il-lumina.com\/es\/268-guirnaldas-luces-navidad\" target=\"_blank\" rel=\"noopener\"><strong>guirnaldas de luces de navidad <\/strong><\/a>siguen siendo un recurso clave: decoran \u00e1rboles, columnas, pasamanos y contornos de fachadas. Se recomiendan versiones IP65 o superior para resistir exteriores, y modelos con control din\u00e1mico para crear juegos de luz.<\/p>\n<p>Revisa nuestra selecci\u00f3n de guirnaldas LED exteriores.<\/p>\n<h2><strong>Tipos de luces de Navidad exterior m\u00e1s impactantes para grandes \u00e1reas<\/strong><\/h2>\n<p>Existen tecnolog\u00edas dise\u00f1adas espec\u00edficamente para producir efectos visuales llamativos a gran escala. Estas son algunas de las m\u00e1s eficaces:<\/p>\n<h3><strong>Figuras luminosas navide\u00f1as y en 3D<\/strong><\/h3>\n<p><img loading=\"lazy\" decoding=\"async\" class=\"aligncenter  wp-image-1260\" src=\"https:\/\/www.il-lumina.com\/blog\/wp-content\/themes\/breek\/assets\/images\/transparent.gif\" data-lazy=\"true\" data-src=\"https:\/\/www.il-lumina.com\/blog\/wp-content\/uploads\/2025\/11\/figuras-de-luces-navidad-3d.jpg\" alt=\"\" width=\"571\" height=\"460\" data-srcset=\"https:\/\/www.il-lumina.com\/blog\/wp-content\/uploads\/2025\/11\/figuras-de-luces-navidad-3d.jpg 655w, https:\/\/www.il-lumina.com\/blog\/wp-content\/uploads\/2025\/11\/figuras-de-luces-navidad-3d-300x242.jpg 300w, https:\/\/www.il-lumina.com\/blog\/wp-content\/uploads\/2025\/11\/figuras-de-luces-navidad-3d-100x81.jpg 100w, https:\/\/www.il-lumina.com\/blog\/wp-content\/uploads\/2025\/11\/figuras-de-luces-navidad-3d-558x450.jpg 558w\" data-sizes=\"auto, (max-width: 571px) 100vw, 571px\" \/><\/p>\n<p>Desde renos hasta estrellas o escenas completas, las <a href=\"https:\/\/www.il-lumina.com\/es\/45-figuras-de-navidad-3d-led\" target=\"_blank\" rel=\"noopener\"><strong>figuras luminosas navide\u00f1as en 3D<\/strong><\/a> aportan volumen y dinamismo. Son perfectas para decorar plazas o accesos a edificios emblem\u00e1ticos. Se pueden fabricar en diferentes materiales y colores, y muchas son interactivas o fotogr\u00e1ficas.<\/p>\n<h3><strong>Proyectores de luces navide\u00f1as<\/strong><\/h3>\n<p><img loading=\"lazy\" decoding=\"async\" class=\"aligncenter size-full wp-image-1242\" src=\"https:\/\/www.il-lumina.com\/blog\/wp-content\/themes\/breek\/assets\/images\/transparent.gif\" data-lazy=\"true\" data-src=\"https:\/\/www.il-lumina.com\/blog\/wp-content\/uploads\/2025\/11\/colores-multicolor-edificio.jpg\" alt=\"colores multicolor edificio\" width=\"829\" height=\"462\" data-srcset=\"https:\/\/www.il-lumina.com\/blog\/wp-content\/uploads\/2025\/11\/colores-multicolor-edificio.jpg 829w, https:\/\/www.il-lumina.com\/blog\/wp-content\/uploads\/2025\/11\/colores-multicolor-edificio-300x167.jpg 300w, https:\/\/www.il-lumina.com\/blog\/wp-content\/uploads\/2025\/11\/colores-multicolor-edificio-768x428.jpg 768w, https:\/\/www.il-lumina.com\/blog\/wp-content\/uploads\/2025\/11\/colores-multicolor-edificio-100x56.jpg 100w, https:\/\/www.il-lumina.com\/blog\/wp-content\/uploads\/2025\/11\/colores-multicolor-edificio-700x390.jpg 700w\" data-sizes=\"auto, (max-width: 829px) 100vw, 829px\" \/><\/p>\n<p>Ideales para fachadas monumentales, los <strong>proyectores de luces navide\u00f1as<\/strong> permiten crear efectos en movimiento, animaciones personalizadas o incluso mapping navide\u00f1o. Algunos modelos incluyen sensores de sonido o programaci\u00f3n remota.<\/p>\n<h3><strong>Luces de Navidad efecto lluvia<\/strong><\/h3>\n<p><img loading=\"lazy\" decoding=\"async\" class=\"aligncenter  wp-image-1259\" src=\"https:\/\/www.il-lumina.com\/blog\/wp-content\/themes\/breek\/assets\/images\/transparent.gif\" data-lazy=\"true\" data-src=\"https:\/\/www.il-lumina.com\/blog\/wp-content\/uploads\/2025\/11\/luces-efecto-lluvia-exterior.jpg\" alt=\"\" width=\"515\" height=\"524\" data-srcset=\"https:\/\/www.il-lumina.com\/blog\/wp-content\/uploads\/2025\/11\/luces-efecto-lluvia-exterior.jpg 576w, https:\/\/www.il-lumina.com\/blog\/wp-content\/uploads\/2025\/11\/luces-efecto-lluvia-exterior-295x300.jpg 295w, https:\/\/www.il-lumina.com\/blog\/wp-content\/uploads\/2025\/11\/luces-efecto-lluvia-exterior-98x100.jpg 98w, https:\/\/www.il-lumina.com\/blog\/wp-content\/uploads\/2025\/11\/luces-efecto-lluvia-exterior-442x450.jpg 442w\" data-sizes=\"auto, (max-width: 515px) 100vw, 515px\" \/><\/p>\n<p>Las <a href=\"https:\/\/www.il-lumina.com\/es\/365-luces-navidad-exterior-efecto-lluvia\" target=\"_blank\" rel=\"noopener\"><strong>luces efecto lluvia<\/strong><\/a> simulan el movimiento de gotas luminosas descendiendo, creando una ambientaci\u00f3n muy atractiva. Funcionan bien en \u00e1rboles, estructuras verticales o como complemento de cortinas LED.<\/p>\n<h3><strong>Combina cortinas y cascadas LED para fachadas memorables<\/strong><\/h3>\n<p><img loading=\"lazy\" decoding=\"async\" class=\"aligncenter  wp-image-1265\" src=\"https:\/\/www.il-lumina.com\/blog\/wp-content\/themes\/breek\/assets\/images\/transparent.gif\" data-lazy=\"true\" data-src=\"https:\/\/www.il-lumina.com\/blog\/wp-content\/uploads\/2025\/11\/cortinas-y-cascadas.jpg\" alt=\"\" width=\"692\" height=\"513\" data-srcset=\"https:\/\/www.il-lumina.com\/blog\/wp-content\/uploads\/2025\/11\/cortinas-y-cascadas.jpg 1017w, https:\/\/www.il-lumina.com\/blog\/wp-content\/uploads\/2025\/11\/cortinas-y-cascadas-300x222.jpg 300w, https:\/\/www.il-lumina.com\/blog\/wp-content\/uploads\/2025\/11\/cortinas-y-cascadas-768x569.jpg 768w, https:\/\/www.il-lumina.com\/blog\/wp-content\/uploads\/2025\/11\/cortinas-y-cascadas-100x74.jpg 100w, https:\/\/www.il-lumina.com\/blog\/wp-content\/uploads\/2025\/11\/cortinas-y-cascadas-607x450.jpg 607w\" data-sizes=\"auto, (max-width: 692px) 100vw, 692px\" \/><\/p>\n<p>Cuando se trata de cubrir fachadas completas o grandes superficies, las <strong>cortinas y cascadas LED<\/strong> son la opci\u00f3n m\u00e1s efectiva.<\/p>\n<ul>\n<li>Las <a href=\"https:\/\/www.il-lumina.com\/es\/269-cortinas-luces-navidad\" target=\"_blank\" rel=\"noopener\"><strong>cortinas de luces LED<\/strong><\/a> permiten cubrir amplias \u00e1reas con uniformidad, ideal para fachadas rectangulares.<\/li>\n<li>Las <strong>cascadas LED<\/strong> caen en l\u00edneas verticales, generando un efecto fluido y elegante.<\/li>\n<\/ul>\n<p>Consejo experto: utiliza modelos con control RGB para cambiar colores seg\u00fan la hora del d\u00eda o eventos especiales.<\/p>\n<h2><strong>Claves para una instalaci\u00f3n segura, eficiente y espectacular<\/strong><\/h2>\n<p>Una buena decoraci\u00f3n navide\u00f1a es tan segura como espectacular. Aqu\u00ed algunos aspectos imprescindibles:<\/p>\n<ul>\n<li><strong>Apuesta por tecnolog\u00eda LED<\/strong>: menor consumo, mayor vida \u00fatil y seguridad.<\/li>\n<li><strong>Verifica la protecci\u00f3n IP<\/strong>: para exteriores se recomienda IP65 como m\u00ednimo.<\/li>\n<li><strong>Planea con tiempo<\/strong>: evita saturaciones de \u00faltimo momento y aseg\u00farate de contar con soporte t\u00e9cnico.<\/li>\n<li><strong>Incluye temporizadores o sistemas inteligentes<\/strong>: para automatizar el encendido\/apagado.<\/li>\n<li><strong>Valora soluciones modulares<\/strong>: permiten reutilizaci\u00f3n en futuras temporadas.<\/li>\n<\/ul>\n<h3><strong>Il-lumina tu espacio con magia: productos recomendados de Il-lumina<\/strong><\/h3>\n<p>En <a href=\"https:\/\/www.il-lumina.com\" target=\"_blank\" rel=\"noopener\">Il-lumina.com<\/a> encontrar\u00e1s <strong>soluciones profesionales de iluminaci\u00f3n navide\u00f1a<\/strong> dise\u00f1adas para grandes espacios. Aqu\u00ed te dejamos algunas recomendaciones con enlaces directos para facilitarte la elecci\u00f3n. Cada uno de estos productos puede personalizarse seg\u00fan el proyecto, y nuestro equipo de expertos est\u00e1 listo para asesorarte en cada paso.<\/p>\n<p><strong>Las grandes ideas necesitan grandes soluciones.<\/strong> Esta Navidad, convierte tu espacio en un punto de referencia visual con tecnolog\u00eda, estilo y emoci\u00f3n.<\/p>\n","protected":false},"excerpt":{"rendered":"<p>La iluminaci\u00f3n navide\u00f1a exterior tiene un poder inigualable para transformar espacios p\u00fablicos en aut\u00e9nticos escenarios m\u00e1gicos. Ya sea una plaza c\u00e9ntrica, la fachada de un&#8230;<\/p>\n","protected":false},"author":1,"featured_media":1264,"comment_status":"open","ping_status":"open","sticky":false,"template":"","format":"standard","meta":{"footnotes":""},"categories":[4],"tags":[],"class_list":["post-1252","post","type-post","status-publish","format-standard","has-post-thumbnail","hentry","category-decoracion-con-luces"],"acf":[],"_links":{"self":[{"href":"https:\/\/www.il-lumina.com\/blog\/wp-json\/wp\/v2\/posts\/1252","targetHints":{"allow":["GET"]}}],"collection":[{"href":"https:\/\/www.il-lumina.com\/blog\/wp-json\/wp\/v2\/posts"}],"about":[{"href":"https:\/\/www.il-lumina.com\/blog\/wp-json\/wp\/v2\/types\/post"}],"author":[{"embeddable":true,"href":"https:\/\/www.il-lumina.com\/blog\/wp-json\/wp\/v2\/users\/1"}],"replies":[{"embeddable":true,"href":"https:\/\/www.il-lumina.com\/blog\/wp-json\/wp\/v2\/comments?post=1252"}],"version-history":[{"count":4,"href":"https:\/\/www.il-lumina.com\/blog\/wp-json\/wp\/v2\/posts\/1252\/revisions"}],"predecessor-version":[{"id":1266,"href":"https:\/\/www.il-lumina.com\/blog\/wp-json\/wp\/v2\/posts\/1252\/revisions\/1266"}],"wp:featuredmedia":[{"embeddable":true,"href":"https:\/\/www.il-lumina.com\/blog\/wp-json\/wp\/v2\/media\/1264"}],"wp:attachment":[{"href":"https:\/\/www.il-lumina.com\/blog\/wp-json\/wp\/v2\/media?parent=1252"}],"wp:term":[{"taxonomy":"category","embeddable":true,"href":"https:\/\/www.il-lumina.com\/blog\/wp-json\/wp\/v2\/categories?post=1252"},{"taxonomy":"post_tag","embeddable":true,"href":"https:\/\/www.il-lumina.com\/blog\/wp-json\/wp\/v2\/tags?post=1252"}],"curies":[{"name":"wp","href":"https:\/\/api.w.org\/{rel}","templated":true}]}}