{"id":1279,"date":"2025-12-10T12:54:02","date_gmt":"2025-12-10T12:54:02","guid":{"rendered":"https:\/\/www.il-lumina.com\/blog\/?p=1279"},"modified":"2025-12-10T12:54:02","modified_gmt":"2025-12-10T12:54:02","slug":"barcelona-capital-europea-de-la-navidad-2026-es-la-hora-de-brillar","status":"publish","type":"post","link":"https:\/\/www.il-lumina.com\/blog\/barcelona-capital-europea-de-la-navidad-2026-es-la-hora-de-brillar\/","title":{"rendered":"Barcelona, Capital Europea de la Navidad 2026: \u00a1Es la hora de brillar!"},"content":{"rendered":"<div class=\"article-container\">\n<p><img loading=\"lazy\" decoding=\"async\" class=\"aligncenter size-full wp-image-1282\" src=\"https:\/\/www.il-lumina.com\/blog\/wp-content\/themes\/breek\/assets\/images\/transparent.gif\" data-lazy=\"true\" data-src=\"https:\/\/www.il-lumina.com\/blog\/wp-content\/uploads\/2025\/12\/BARCELONA.jpg\" alt=\"\" width=\"687\" height=\"387\" data-srcset=\"https:\/\/www.il-lumina.com\/blog\/wp-content\/uploads\/2025\/12\/BARCELONA.jpg 687w, https:\/\/www.il-lumina.com\/blog\/wp-content\/uploads\/2025\/12\/BARCELONA-300x169.jpg 300w, https:\/\/www.il-lumina.com\/blog\/wp-content\/uploads\/2025\/12\/BARCELONA-100x56.jpg 100w\" data-sizes=\"auto, (max-width: 687px) 100vw, 687px\" \/>\u00a1Tenemos una noticia fant\u00e1stica que nos llena de orgullo! <strong>Barcelona ha sido designada como la Capital Europea de la Navidad para el a\u00f1o 2026.<\/strong> Este reconocimiento, otorgado por la fundaci\u00f3n <em>Christmas Cities Network<\/em>, es mucho m\u00e1s que un t\u00edtulo: es una oportunidad de oro para que nuestra ciudad se vista de gala, atraiga turismo internacional y demuestre su esp\u00edritu vibrante y acogedor.<\/p>\n<p>Pero esta celebraci\u00f3n no es solo para el Ayuntamiento. Es un reto y una inmensa posibilidad para el coraz\u00f3n econ\u00f3mico de la ciudad: <strong>\u00a1nuestros comercios y empresas!<\/strong><\/p>\n<hr class=\"separator\" \/>\n<h2>Un Escaparate Global para Tu Negocio<\/h2>\n<p>En 2026, los ojos de Europa, y gran parte del mundo, estar\u00e1n puestos en Barcelona. Desde las Ramblas hasta el Eixample, pasando por los barrios m\u00e1s aut\u00e9nticos, cada calle y cada escaparate se convertir\u00e1 en parte del gran escenario navide\u00f1o. Los comercios tienen el poder de transformar esta oportunidad en un \u00e9xito rotundo, creando una atm\u00f3sfera m\u00e1gica que invite a pasear, consumir y, lo m\u00e1s importante, a volver.<\/p>\n<p>La clave es la <strong>anticipaci\u00f3n<\/strong> y la <strong>excelencia<\/strong>.<\/p>\n<hr class=\"separator\" \/>\n<h2>La Iluminaci\u00f3n: El Coraz\u00f3n de la Navidad \ud83d\udca1<\/h2>\n<p>Si la ciudad ser\u00e1 la capital de la Navidad, tu negocio debe ser un templo de la luz y el ambiente festivo. Desde Il-lumina, te recordamos que la decoraci\u00f3n luminosa es la herramienta m\u00e1s efectiva para captar la atenci\u00f3n y crear esa emoci\u00f3n inolvidable.<\/p>\n<h3>\u2728 Claves de Iluminaci\u00f3n para un 2026 Brillante:<\/h3>\n<p>&nbsp;<\/p>\n<ul>\n<li><strong>Fachadas que Cuentan Historias:<\/strong> Las fachadas son tu lienzo. Es el momento de pensar en<a href=\"https:\/\/www.il-lumina.com\/es\/43-figuras-luminosas-navidad-led-exteriores\"> <strong>figuras luminosas para fachadas<\/strong><\/a> personalizadas o tem\u00e1ticas que reflejen tu marca y el esp\u00edritu navide\u00f1o de Barcelona. La primera impresi\u00f3n es la que cuenta.<\/li>\n<li><strong>La Magia de las Cortinas:<\/strong> Utiliza <a href=\"https:\/\/www.il-lumina.com\/es\/269-cortinas-luces-navidad\"><strong>cortinas LED<\/strong><\/a> para crear fondos espectaculares en escaparates o para envolver entradas y pasillos. Su ca\u00edda uniforme y brillante aporta un toque de elegancia y sofisticaci\u00f3n.<\/li>\n<li><strong>La Versatilidad de las Guirnaldas:<\/strong> Las <a href=\"https:\/\/www.il-lumina.com\/es\/268-guirnaldas-luces-navidad\"><strong>guirnaldas LED<\/strong><\/a> son imprescindibles. No solo sirven para decorar el \u00e1rbol; \u00fasalas para enmarcar ventanas, estanter\u00edas, vitrinas e incluso como elemento colgante en el interior del local, generando un ambiente c\u00e1lido y envolvente.<\/li>\n<li><strong>Impacto en Tres Dimensiones:<\/strong> Piensa a lo grande. Las <a href=\"https:\/\/www.il-lumina.com\/es\/45-figuras-de-navidad-3d-led\"><strong>figuras 3D de Navidad<\/strong><\/a> (renos, regalos, copos gigantes, o incluso elementos que evoquen la cultura catalana) colocadas estrat\u00e9gicamente en la entrada o en el interior, se convierten en puntos de <em>selfie<\/em> obligados, garantizando promoci\u00f3n gratuita en redes sociales.<\/li>\n<li><strong>Eficiencia Energ\u00e9tica y Calidad:<\/strong> Utilizar <a href=\"\/es\/267-iluminacion-luces-navidad\"><strong>luces de Navidad<\/strong><\/a> de alta calidad, con tecnolog\u00eda LED de bajo consumo, no solo te permite ahorrar en la factura, sino que tambi\u00e9n garantiza que tu decoraci\u00f3n luzca perfecta durante toda la temporada, mostrando el compromiso de tu negocio con la sostenibilidad.<\/li>\n<\/ul>\n<hr class=\"separator\" \/>\n<h2>\u00a1Prep\u00e1rate para Brillar!<\/h2>\n<p>El camino hacia 2026 comienza ahora. Los comercios que se anticipen, inviertan en una decoraci\u00f3n impactante y de calidad, y coordinen sus esfuerzos con el ambiente general de la ciudad, ser\u00e1n los grandes ganadores de esta celebraci\u00f3n.<\/p>\n<p><strong>Barcelona va a brillar como nunca. Tu negocio no puede ser la excepci\u00f3n.<\/strong><\/p>\n<p>En Il-lumina estamos listos para asesorarte y ofrecerte las soluciones de iluminaci\u00f3n m\u00e1s innovadoras y espectaculares para que tu comercio est\u00e9, literalmente, a la altura de una Capital Europea de la Navidad.<\/p>\n<hr class=\"separator\" \/>\n<\/div>\n<p>&nbsp;<\/p>\n","protected":false},"excerpt":{"rendered":"<p>\u00a1Tenemos una noticia fant\u00e1stica que nos llena de orgullo! Barcelona ha sido designada como la Capital Europea de la Navidad para el a\u00f1o 2026. Este&#8230;<\/p>\n","protected":false},"author":1,"featured_media":0,"comment_status":"open","ping_status":"open","sticky":false,"template":"","format":"standard","meta":{"footnotes":""},"categories":[1],"tags":[],"class_list":["post-1279","post","type-post","status-publish","format-standard","hentry","category-iluminacion-led"],"acf":[],"_links":{"self":[{"href":"https:\/\/www.il-lumina.com\/blog\/wp-json\/wp\/v2\/posts\/1279","targetHints":{"allow":["GET"]}}],"collection":[{"href":"https:\/\/www.il-lumina.com\/blog\/wp-json\/wp\/v2\/posts"}],"about":[{"href":"https:\/\/www.il-lumina.com\/blog\/wp-json\/wp\/v2\/types\/post"}],"author":[{"embeddable":true,"href":"https:\/\/www.il-lumina.com\/blog\/wp-json\/wp\/v2\/users\/1"}],"replies":[{"embeddable":true,"href":"https:\/\/www.il-lumina.com\/blog\/wp-json\/wp\/v2\/comments?post=1279"}],"version-history":[{"count":3,"href":"https:\/\/www.il-lumina.com\/blog\/wp-json\/wp\/v2\/posts\/1279\/revisions"}],"predecessor-version":[{"id":1284,"href":"https:\/\/www.il-lumina.com\/blog\/wp-json\/wp\/v2\/posts\/1279\/revisions\/1284"}],"wp:attachment":[{"href":"https:\/\/www.il-lumina.com\/blog\/wp-json\/wp\/v2\/media?parent=1279"}],"wp:term":[{"taxonomy":"category","embeddable":true,"href":"https:\/\/www.il-lumina.com\/blog\/wp-json\/wp\/v2\/categories?post=1279"},{"taxonomy":"post_tag","embeddable":true,"href":"https:\/\/www.il-lumina.com\/blog\/wp-json\/wp\/v2\/tags?post=1279"}],"curies":[{"name":"wp","href":"https:\/\/api.w.org\/{rel}","templated":true}]}}