{"id":463,"date":"2025-09-02T09:04:33","date_gmt":"2025-09-02T09:04:33","guid":{"rendered":"https:\/\/www.il-lumina.com\/blog\/?p=463"},"modified":"2025-09-02T10:17:07","modified_gmt":"2025-09-02T10:17:07","slug":"como-decorar-un-arbol-de-navidad","status":"publish","type":"post","link":"https:\/\/www.il-lumina.com\/blog\/como-decorar-un-arbol-de-navidad\/","title":{"rendered":"Como decorar un \u00e1rbol de Navidad con estilo"},"content":{"rendered":"<p>Como ya estamos en el \u00faltimo trimestre del a\u00f1o, observaras que ya venden turr\u00f3n en el supermercado, es inevitable, llega la \u00e9poca de decorar los espacios con motivos Navide\u00f1os , y como no pod\u00eda ser de otra forma, los <strong>\u00e1rboles de navidad<\/strong>\u00a0y la\u00a0<strong>decoraci\u00f3n <\/strong>de estos d\u00edas empiezan a salir de sus cajas. Si te gusta la Navidad y quieres dar un toque especial este post te interesa. Aqu\u00ed veras una serie de <strong>tips para decorar el <a href=\"https:\/\/www.il-lumina.com\/es\/44-arboles-de-navidad-grandes\">\u00e1rbol de Navidad.<\/a><\/strong><\/p>\n<h2>Ideas para la decoraci\u00f3n del \u00e1rbol de Navidad<\/h2>\n<p>Vamos a repasar algunos <strong>trucos muy sencillos e ideas muy originales para decorar tu \u00e1rbol de Navidad, <\/strong>que har\u00e1n que esta pieza fundamental luzca espectacular ya sea en tu hogar como en una tienda.<\/p>\n<h3>1. Elije el lugar correcto para tu \u00e1rbol de Navidad<\/h3>\n<p>Lo primero que debemos escoger es el lugar adecuado.\u00a0 Es necesario que cuentes con una toma de corriente para poder conectar la iluminaci\u00f3n. Si vas a colocar tu \u00e1rbol de Navidad en una tienda, el escaparate es un lugar ideal ya que atrapar\u00e1 las miradas y dar\u00e1 un contexto navide\u00f1o a toda la tienda. Para el hogar un buen lugar es junto a una ventana o cerca de una chimenea, debajo de la escalera si tienes. Ten en cuenta que, si vas a situar tu \u00e1rbol pegado a una pared, la parte posterior no es necesario que est\u00e9 decorada<\/p>\n<h3>2. Montaje de \u00e1rbol de Navidad, naturales o artificiales<\/h3>\n<p>En Espa\u00f1a nos gustan utilizar \u00e1rboles artificiales,\u00a0 el modelo m\u00e1s cl\u00e1sico imita a un abeto, existen muchos tipos de arboles en funci\u00f3n a la moda, en diferentes tama\u00f1os y acabados. Puedes encontrar arboles con luz incorporada como los de la foto.<\/p>\n<p><a href=\"https:\/\/www.il-lumina.com\/es\/arboles-de-navidad-grandes\/2435-arbol-de-fibra-optica-rama-nevada-150cm-baja-tension-12v-843159062909.html\"><img loading=\"lazy\" decoding=\"async\" class=\"size-medium wp-image-479 alignnone\" src=\"https:\/\/www.il-lumina.com\/blog\/wp-content\/themes\/breek\/assets\/images\/transparent.gif\" data-lazy=\"true\" data-src=\"https:\/\/www.il-lumina.com\/blog\/wp-content\/uploads\/2022\/10\/arbol-fibra-de-vidrio-200x300.png\" alt=\"\" width=\"200\" height=\"300\" data-srcset=\"https:\/\/www.il-lumina.com\/blog\/wp-content\/uploads\/2022\/10\/arbol-fibra-de-vidrio-200x300.png 200w, https:\/\/www.il-lumina.com\/blog\/wp-content\/uploads\/2022\/10\/arbol-fibra-de-vidrio-67x100.png 67w, https:\/\/www.il-lumina.com\/blog\/wp-content\/uploads\/2022\/10\/arbol-fibra-de-vidrio-300x450.png 300w, https:\/\/www.il-lumina.com\/blog\/wp-content\/uploads\/2022\/10\/arbol-fibra-de-vidrio.png 564w\" data-sizes=\"auto, (max-width: 200px) 100vw, 200px\" \/><\/a><a href=\"https:\/\/www.il-lumina.com\/es\/arboles-de-navidad-grandes\/2436-arbol-navidad-fibra-optica-transparente-180-cms-8431547010306.html\"><img loading=\"lazy\" decoding=\"async\" class=\"size-medium wp-image-484 alignnone\" src=\"https:\/\/www.il-lumina.com\/blog\/wp-content\/themes\/breek\/assets\/images\/transparent.gif\" data-lazy=\"true\" data-src=\"https:\/\/www.il-lumina.com\/blog\/wp-content\/uploads\/2022\/10\/arbol-fibra-de-vidrio-2-243x300.png\" alt=\"arbol fibra de vidrio\" width=\"243\" height=\"300\" data-srcset=\"https:\/\/www.il-lumina.com\/blog\/wp-content\/uploads\/2022\/10\/arbol-fibra-de-vidrio-2-243x300.png 243w, https:\/\/www.il-lumina.com\/blog\/wp-content\/uploads\/2022\/10\/arbol-fibra-de-vidrio-2-81x100.png 81w, https:\/\/www.il-lumina.com\/blog\/wp-content\/uploads\/2022\/10\/arbol-fibra-de-vidrio-2-364x450.png 364w, https:\/\/www.il-lumina.com\/blog\/wp-content\/uploads\/2022\/10\/arbol-fibra-de-vidrio-2.png 528w\" data-sizes=\"auto, (max-width: 243px) 100vw, 243px\" \/><img loading=\"lazy\" decoding=\"async\" class=\"wp-image-492 size-medium alignnone\" src=\"https:\/\/www.il-lumina.com\/blog\/wp-content\/themes\/breek\/assets\/images\/transparent.gif\" data-lazy=\"true\" data-src=\"https:\/\/www.il-lumina.com\/blog\/wp-content\/uploads\/2022\/10\/2-177x300.jpg\" alt=\"\" width=\"177\" height=\"300\" data-srcset=\"https:\/\/www.il-lumina.com\/blog\/wp-content\/uploads\/2022\/10\/2-177x300.jpg 177w, https:\/\/www.il-lumina.com\/blog\/wp-content\/uploads\/2022\/10\/2-59x100.jpg 59w, https:\/\/www.il-lumina.com\/blog\/wp-content\/uploads\/2022\/10\/2-265x450.jpg 265w, https:\/\/www.il-lumina.com\/blog\/wp-content\/uploads\/2022\/10\/2.jpg 486w\" data-sizes=\"auto, (max-width: 177px) 100vw, 177px\" \/><\/a><\/p>\n<p>No solo eso sino que adem\u00e1s puedes\u00a0 optar tambi\u00e9n por \u00e1rboles que imitan a arboles naturales, puedes ver como ejemplo <a href=\"https:\/\/www.il-lumina.com\/es\/arboles-de-navidad-grandes\/4742-4259-arbol-de-invierno-led-de-250-metros-con-600-leds-de-luz-calida-o-luz-blanca-ip44-baja-tension-24v.html#\/311-color-luz_calida\">este modelo<\/a> que puedes comprar en il-lumina<\/p>\n<p>&nbsp;<\/p>\n<div id=\"attachment_486\" style=\"width: 278px\" class=\"wp-caption aligncenter\"><img loading=\"lazy\" decoding=\"async\" aria-describedby=\"caption-attachment-486\" class=\"wp-image-486 size-medium\" src=\"https:\/\/www.il-lumina.com\/blog\/wp-content\/themes\/breek\/assets\/images\/transparent.gif\" data-lazy=\"true\" data-src=\"https:\/\/www.il-lumina.com\/blog\/wp-content\/uploads\/2022\/10\/arboLED-268x300.png\" alt=\"arbol artificial LED\" width=\"268\" height=\"300\" data-srcset=\"https:\/\/www.il-lumina.com\/blog\/wp-content\/uploads\/2022\/10\/arboLED-268x300.png 268w, https:\/\/www.il-lumina.com\/blog\/wp-content\/uploads\/2022\/10\/arboLED-89x100.png 89w, https:\/\/www.il-lumina.com\/blog\/wp-content\/uploads\/2022\/10\/arboLED-402x450.png 402w, https:\/\/www.il-lumina.com\/blog\/wp-content\/uploads\/2022\/10\/arboLED.png 428w\" data-sizes=\"auto, (max-width: 268px) 100vw, 268px\" \/><p id=\"caption-attachment-486\" class=\"wp-caption-text\">Fuente: Pinterest<\/p><\/div>\n<p>Sin embargo, en algunos pa\u00edses como Estados Unidos y otros lugares de Am\u00e9rica tienen la costumbre de utilizar arboles reales en maceta o bien que se han podado de un bosque controlado. Hoy en d\u00eda existen arboles artificiales bell\u00edsimos que imitan perfectamente a los naturales.<\/p>\n<div id=\"attachment_495\" style=\"width: 310px\" class=\"wp-caption aligncenter\"><img loading=\"lazy\" decoding=\"async\" aria-describedby=\"caption-attachment-495\" class=\"size-medium wp-image-495\" src=\"https:\/\/www.il-lumina.com\/blog\/wp-content\/themes\/breek\/assets\/images\/transparent.gif\" data-lazy=\"true\" data-src=\"https:\/\/www.il-lumina.com\/blog\/wp-content\/uploads\/2022\/10\/arboles-300x192.png\" alt=\"\" width=\"300\" height=\"192\" data-srcset=\"https:\/\/www.il-lumina.com\/blog\/wp-content\/uploads\/2022\/10\/arboles-300x192.png 300w, https:\/\/www.il-lumina.com\/blog\/wp-content\/uploads\/2022\/10\/arboles-100x64.png 100w, https:\/\/www.il-lumina.com\/blog\/wp-content\/uploads\/2022\/10\/arboles.png 571w\" data-sizes=\"auto, (max-width: 300px) 100vw, 300px\" \/><p id=\"caption-attachment-495\" class=\"wp-caption-text\">Fuente:www.montrealhispano.com<\/p><\/div>\n<p>Si has comprado un \u00e1rbol artificial, una vez tenemos el \u00e1rbol si est\u00e1 desmontado, debemos empezar a montarlo siempre de abajo a arriba, abriendo bien las ramas para que luz natural entre en las ramas\u00a0 y aparezca m\u00e1s espectacular y frondoso. De esta manera tendremos m\u00e1s espacio y nos facilitar\u00e1 la colocaci\u00f3n de los adornos y guirnaldas.<\/p>\n<h3>3. Iluminar un \u00e1rbol de Navidad<\/h3>\n<p>Tras el montaje, el siguiente paso es iluminar nuestro \u00e1rbol. Existen \u00e1rboles que incorporan la iluminaci\u00f3n, pero la opci\u00f3n m\u00e1s com\u00fan consiste en <strong>a\u00f1adir <a href=\"https:\/\/www.il-lumina.com\/es\/268-guirnaldas-luces-navidad\">guirnaldas de luces LED<\/a><\/strong>, existen guirnaldas de muchos tipos tanto de exterior como de interior. Debemos rodear el \u00e1rbol siempre en circulo y nunca de arriba a abajo como muestra la figura<\/p>\n<p>. <img loading=\"lazy\" decoding=\"async\" class=\"size-medium wp-image-481 aligncenter\" src=\"https:\/\/www.il-lumina.com\/blog\/wp-content\/themes\/breek\/assets\/images\/transparent.gif\" data-lazy=\"true\" data-src=\"https:\/\/www.il-lumina.com\/blog\/wp-content\/uploads\/2022\/10\/lucez-300x160.jpg\" alt=\"\" width=\"300\" height=\"160\" data-srcset=\"https:\/\/www.il-lumina.com\/blog\/wp-content\/uploads\/2022\/10\/lucez-300x160.jpg 300w, https:\/\/www.il-lumina.com\/blog\/wp-content\/uploads\/2022\/10\/lucez-768x410.jpg 768w, https:\/\/www.il-lumina.com\/blog\/wp-content\/uploads\/2022\/10\/lucez-100x53.jpg 100w, https:\/\/www.il-lumina.com\/blog\/wp-content\/uploads\/2022\/10\/lucez-700x374.jpg 700w, https:\/\/www.il-lumina.com\/blog\/wp-content\/uploads\/2022\/10\/lucez.jpg 783w\" data-sizes=\"auto, (max-width: 300px) 100vw, 300px\" \/><\/p>\n<p>Adem\u00e1s, lo ideal es empezar abajo e ir subiendo poco a poco, es importante para que quede m\u00e1s est\u00e9tico ocultar los cables con las ramas, para ello elije siempre colores parecidos al \u00e1rbol o transparentes, aqu\u00ed tienes un modelo muy interesante y econ\u00f3mico.<\/p>\n<p><a href=\"https:\/\/www.il-lumina.com\/es\/guirnaldas-luces-navidad\/3945-guirnalda-mini-led-10m-luz-calida-100-minileds-con-5-funciones-apto-para-exteriores-ip44-8436043754921.html\"><img loading=\"lazy\" decoding=\"async\" class=\"wp-image-487 size-medium aligncenter\" src=\"https:\/\/www.il-lumina.com\/blog\/wp-content\/themes\/breek\/assets\/images\/transparent.gif\" data-lazy=\"true\" data-src=\"https:\/\/www.il-lumina.com\/blog\/wp-content\/uploads\/2022\/10\/guirnalda-280x300.png\" alt=\"guirnalda para arbol\" width=\"280\" height=\"300\" data-srcset=\"https:\/\/www.il-lumina.com\/blog\/wp-content\/uploads\/2022\/10\/guirnalda-280x300.png 280w, https:\/\/www.il-lumina.com\/blog\/wp-content\/uploads\/2022\/10\/guirnalda-93x100.png 93w, https:\/\/www.il-lumina.com\/blog\/wp-content\/uploads\/2022\/10\/guirnalda-420x450.png 420w, https:\/\/www.il-lumina.com\/blog\/wp-content\/uploads\/2022\/10\/guirnalda.png 609w\" data-sizes=\"auto, (max-width: 280px) 100vw, 280px\" \/><\/a><\/p>\n<p>&nbsp;<\/p>\n<h3>4. Elije bien tus adornos para el \u00e1rbol<\/h3>\n<p>En el caso de los adornos, no hay reglas concretas sobre c\u00f3mo decorar. <strong>El buen gusto es la clave<\/strong>, pero sino tienes mucha idea aqu\u00ed te podemos dar algunos consejos. En nuestra categor\u00eda <a href=\"https:\/\/www.il-lumina.com\/es\/275-adornos-navidenos\"><strong>adornos Navide\u00f1os<\/strong><\/a> tienes algunos elementos decorativos que te pueden ayudar.<\/p>\n<p>Manos a la obra&#8230; En primer lugar, cubramos los conceptos b\u00e1sicos de los conceptos b\u00e1sicos, c\u00f3mo decorar un \u00e1rbol de Navidad.<\/p>\n<h3>a. Unificaci\u00f3n de colores de los adornos<\/h3>\n<p>Es correcto combinar colores similares, si has elegido un color predominante, queda muy elegante que casi todos los adornos tengan ese tono, por ejemplo si has elegido rojo intenta que sea el mismo tipo de rojo semejante, puedes buscar sets con adornos del mismo color.<\/p>\n<h3>b. Combinar colores que vayan bien juntos<\/h3>\n<p>Hay colores que van bien juntos, aunque sean colores completamente diferentes. Por ejemplo, blanco y dorado, rojo y dorado, dorado y cobre&#8230; Aqu\u00ed te damos algunas combinaciones que suelen triunfar:<\/p>\n<p><strong>Blanco y dorado<\/strong><\/p>\n<div id=\"attachment_489\" style=\"width: 185px\" class=\"wp-caption aligncenter\"><img loading=\"lazy\" decoding=\"async\" aria-describedby=\"caption-attachment-489\" class=\"size-medium wp-image-489\" src=\"https:\/\/www.il-lumina.com\/blog\/wp-content\/themes\/breek\/assets\/images\/transparent.gif\" data-lazy=\"true\" data-src=\"https:\/\/www.il-lumina.com\/blog\/wp-content\/uploads\/2022\/10\/a0a249e7ab300f74577e2d27b865500a-175x300.jpg\" alt=\"\" width=\"175\" height=\"300\" data-srcset=\"https:\/\/www.il-lumina.com\/blog\/wp-content\/uploads\/2022\/10\/a0a249e7ab300f74577e2d27b865500a-175x300.jpg 175w, https:\/\/www.il-lumina.com\/blog\/wp-content\/uploads\/2022\/10\/a0a249e7ab300f74577e2d27b865500a-58x100.jpg 58w, https:\/\/www.il-lumina.com\/blog\/wp-content\/uploads\/2022\/10\/a0a249e7ab300f74577e2d27b865500a-262x450.jpg 262w, https:\/\/www.il-lumina.com\/blog\/wp-content\/uploads\/2022\/10\/a0a249e7ab300f74577e2d27b865500a.jpg 564w\" data-sizes=\"auto, (max-width: 175px) 100vw, 175px\" \/><p id=\"caption-attachment-489\" class=\"wp-caption-text\">Fuente:Pinterest<\/p><\/div>\n<p><strong>Rojo y dorado<\/strong><\/p>\n<p><img loading=\"lazy\" decoding=\"async\" class=\"size-medium wp-image-483 aligncenter\" src=\"https:\/\/www.il-lumina.com\/blog\/wp-content\/themes\/breek\/assets\/images\/transparent.gif\" data-lazy=\"true\" data-src=\"https:\/\/www.il-lumina.com\/blog\/wp-content\/uploads\/2022\/10\/rojo-dorado-187x300.png\" alt=\"\" width=\"187\" height=\"300\" data-srcset=\"https:\/\/www.il-lumina.com\/blog\/wp-content\/uploads\/2022\/10\/rojo-dorado-187x300.png 187w, https:\/\/www.il-lumina.com\/blog\/wp-content\/uploads\/2022\/10\/rojo-dorado-62x100.png 62w, https:\/\/www.il-lumina.com\/blog\/wp-content\/uploads\/2022\/10\/rojo-dorado-281x450.png 281w, https:\/\/www.il-lumina.com\/blog\/wp-content\/uploads\/2022\/10\/rojo-dorado.png 528w\" data-sizes=\"auto, (max-width: 187px) 100vw, 187px\" \/><\/p>\n<p><strong>Oro y cobre<\/strong><\/p>\n<div id=\"attachment_488\" style=\"width: 210px\" class=\"wp-caption aligncenter\"><img loading=\"lazy\" decoding=\"async\" aria-describedby=\"caption-attachment-488\" class=\"wp-image-488 size-medium\" src=\"https:\/\/www.il-lumina.com\/blog\/wp-content\/themes\/breek\/assets\/images\/transparent.gif\" data-lazy=\"true\" data-src=\"https:\/\/www.il-lumina.com\/blog\/wp-content\/uploads\/2022\/10\/02909ba87227fffa1aed0ee09e2adc70-200x300.jpg\" alt=\"\" width=\"200\" height=\"300\" data-srcset=\"https:\/\/www.il-lumina.com\/blog\/wp-content\/uploads\/2022\/10\/02909ba87227fffa1aed0ee09e2adc70-200x300.jpg 200w, https:\/\/www.il-lumina.com\/blog\/wp-content\/uploads\/2022\/10\/02909ba87227fffa1aed0ee09e2adc70-67x100.jpg 67w, https:\/\/www.il-lumina.com\/blog\/wp-content\/uploads\/2022\/10\/02909ba87227fffa1aed0ee09e2adc70-300x450.jpg 300w, https:\/\/www.il-lumina.com\/blog\/wp-content\/uploads\/2022\/10\/02909ba87227fffa1aed0ee09e2adc70.jpg 364w\" data-sizes=\"auto, (max-width: 200px) 100vw, 200px\" \/><p id=\"caption-attachment-488\" class=\"wp-caption-text\">Fuente: Pinterest<\/p><\/div>\n<p><strong>Colores pastel<\/strong><\/p>\n<p><img loading=\"lazy\" decoding=\"async\" class=\"size-medium wp-image-480 aligncenter\" src=\"https:\/\/www.il-lumina.com\/blog\/wp-content\/themes\/breek\/assets\/images\/transparent.gif\" data-lazy=\"true\" data-src=\"https:\/\/www.il-lumina.com\/blog\/wp-content\/uploads\/2022\/10\/arbol1-187x300.png\" alt=\"\" width=\"187\" height=\"300\" data-srcset=\"https:\/\/www.il-lumina.com\/blog\/wp-content\/uploads\/2022\/10\/arbol1-187x300.png 187w, https:\/\/www.il-lumina.com\/blog\/wp-content\/uploads\/2022\/10\/arbol1-62x100.png 62w, https:\/\/www.il-lumina.com\/blog\/wp-content\/uploads\/2022\/10\/arbol1-281x450.png 281w, https:\/\/www.il-lumina.com\/blog\/wp-content\/uploads\/2022\/10\/arbol1.png 528w\" data-sizes=\"auto, (max-width: 187px) 100vw, 187px\" \/><\/p>\n<h3>c. Unidad de concepto<\/h3>\n<p>Es importante unificar el concepto, puedes elegir una tem\u00e1tica o un tono com\u00fan, por ejemplo si quieres decorarlo con ositos de peluche ll\u00e9valo hasta el extremo, o bien si quieres utilizar materiales naturales &#8230; no debes incluir materiales pl\u00e1sticos. Utiliza dos o 3 colores como m\u00e1ximo para que no se convierta en un batiburrillo.<\/p>\n<h3>5. Decora de Abajo a arriba.<\/h3>\n<p>Una vez nos ponemos manos a la obra para decorar, debemos poner las figuras mas grandes en la parte inferior y las mas peque\u00f1as a medida que vamos subiendo. Los art\u00edculos traslucidos, trasparentes destacan cuando tienen una luz detr\u00e1s . Mientras que los que tienen una superficie espejo lucen muy espectaculares cuando tienen una luz cercana a un lado.<\/p>\n<h3>6. Y para rematar<\/h3>\n<p>Puedes terminar la decoraci\u00f3n con la t\u00edpica estrella, aunque hoy en d\u00eda existen otros remates muy originales, tambi\u00e9n es imp\u00f3rtante que no olvides tapar las patas met\u00e1licas o la maceta con una tela bonita o un trozo de tela de saco. Tambi\u00e9n existe una antigua costumbre americana de situar un tren el\u00e9ctrico alrededor del \u00e1rbol<\/p>\n<div id=\"attachment_511\" style=\"width: 310px\" class=\"wp-caption aligncenter\"><img loading=\"lazy\" decoding=\"async\" aria-describedby=\"caption-attachment-511\" class=\"wp-image-511 size-medium\" src=\"https:\/\/www.il-lumina.com\/blog\/wp-content\/themes\/breek\/assets\/images\/transparent.gif\" data-lazy=\"true\" data-src=\"https:\/\/www.il-lumina.com\/blog\/wp-content\/uploads\/2022\/10\/base-arbol-navidad-1-300x295.png\" alt=\"tren debajo de \u00e1rbol de navidad\" width=\"300\" height=\"295\" data-srcset=\"https:\/\/www.il-lumina.com\/blog\/wp-content\/uploads\/2022\/10\/base-arbol-navidad-1-300x295.png 300w, https:\/\/www.il-lumina.com\/blog\/wp-content\/uploads\/2022\/10\/base-arbol-navidad-1-100x98.png 100w, https:\/\/www.il-lumina.com\/blog\/wp-content\/uploads\/2022\/10\/base-arbol-navidad-1.png 385w\" data-sizes=\"auto, (max-width: 300px) 100vw, 300px\" \/><p id=\"caption-attachment-511\" class=\"wp-caption-text\">Fuente Pinterest<\/p><\/div>\n<p>&nbsp;<\/p>\n<p>Aqu\u00ed tienes muchas ideas pero para que sea tu \u00e1rbol \u00fanico solo tienes que hacer una cosa, decorarlo a tu modo. As\u00ed que d\u00e9jate llevar por tu imaginaci\u00f3n y define tu propio estilo<\/p>\n","protected":false},"excerpt":{"rendered":"<p>Como ya estamos en el \u00faltimo trimestre del a\u00f1o, observaras que ya venden turr\u00f3n en el supermercado, es inevitable, llega la \u00e9poca de decorar los&#8230;<\/p>\n","protected":false},"author":1,"featured_media":513,"comment_status":"open","ping_status":"open","sticky":false,"template":"","format":"standard","meta":{"footnotes":""},"categories":[4,3],"tags":[],"class_list":["post-463","post","type-post","status-publish","format-standard","has-post-thumbnail","hentry","category-decoracion-con-luces","category-tendencias"],"acf":[],"_links":{"self":[{"href":"https:\/\/www.il-lumina.com\/blog\/wp-json\/wp\/v2\/posts\/463","targetHints":{"allow":["GET"]}}],"collection":[{"href":"https:\/\/www.il-lumina.com\/blog\/wp-json\/wp\/v2\/posts"}],"about":[{"href":"https:\/\/www.il-lumina.com\/blog\/wp-json\/wp\/v2\/types\/post"}],"author":[{"embeddable":true,"href":"https:\/\/www.il-lumina.com\/blog\/wp-json\/wp\/v2\/users\/1"}],"replies":[{"embeddable":true,"href":"https:\/\/www.il-lumina.com\/blog\/wp-json\/wp\/v2\/comments?post=463"}],"version-history":[{"count":43,"href":"https:\/\/www.il-lumina.com\/blog\/wp-json\/wp\/v2\/posts\/463\/revisions"}],"predecessor-version":[{"id":1126,"href":"https:\/\/www.il-lumina.com\/blog\/wp-json\/wp\/v2\/posts\/463\/revisions\/1126"}],"wp:featuredmedia":[{"embeddable":true,"href":"https:\/\/www.il-lumina.com\/blog\/wp-json\/wp\/v2\/media\/513"}],"wp:attachment":[{"href":"https:\/\/www.il-lumina.com\/blog\/wp-json\/wp\/v2\/media?parent=463"}],"wp:term":[{"taxonomy":"category","embeddable":true,"href":"https:\/\/www.il-lumina.com\/blog\/wp-json\/wp\/v2\/categories?post=463"},{"taxonomy":"post_tag","embeddable":true,"href":"https:\/\/www.il-lumina.com\/blog\/wp-json\/wp\/v2\/tags?post=463"}],"curies":[{"name":"wp","href":"https:\/\/api.w.org\/{rel}","templated":true}]}}