{"id":47,"date":"2025-08-12T09:55:42","date_gmt":"2025-08-12T09:55:42","guid":{"rendered":"https:\/\/www.il-lumina.com\/blog\/?p=47"},"modified":"2025-08-12T11:55:41","modified_gmt":"2025-08-12T11:55:41","slug":"decoracion-iluminacion-navidad-tiendas-y-comercios","status":"publish","type":"post","link":"https:\/\/www.il-lumina.com\/blog\/decoracion-iluminacion-navidad-tiendas-y-comercios\/","title":{"rendered":"Tendencias decoraci\u00f3n de iluminaci\u00f3n navide\u00f1a en tiendas y comercios 2025-2026"},"content":{"rendered":"<p>En il-lumina somos especialistas en distribuci\u00f3n de luces LEDs\u00a0 para centros comerciales y las calles de todo pueblo o ciudad, trabajamos el alumbrado navide\u00f1o con luces de Led para reducir el impacto al medio ambiente y una \u00f3ptima eficiencia energ\u00e9tica.<\/p>\n<h2>Las \u00faltimas tendencias de Navidad 2025 &#8211; 2026 para tiendas y centros comerciales<\/h2>\n<h3><strong>1. Bolas grandes en los arboles de navidad<\/strong><\/h3>\n<p>En esta temporada navide\u00f1a , los <a href=\"https:\/\/www.il-lumina.com\/es\/44-arboles-de-navidad-grandes\" target=\"_blank\" rel=\"noopener\"><strong>\u00e1rboles de Navidad gigantes<\/strong><\/a> se engalanan con bolas de gran tama\u00f1o de hasta 50 cm, logrando un efecto visual verdaderamente impactante. Estas coloridas decoraciones adornan los \u00e1rboles con una presencia imponente, a\u00f1adiendo un toque grandioso a su apariencia. Si esta propuesta decorativa despierta tu inter\u00e9s, en Il-lumina te ofrecemos una amplia variedad de <strong><a href=\"https:\/\/www.il-lumina.com\/es\/47-bolas-de-navidad-grandes\">bolas de Navidad grandes<\/a> <\/strong>para elegir.<\/p>\n<p>&nbsp;<\/p>\n<div id=\"attachment_809\" style=\"width: 282px\" class=\"wp-caption aligncenter\"><img loading=\"lazy\" decoding=\"async\" aria-describedby=\"caption-attachment-809\" class=\"wp-image-809 size-epcl_single_content\" src=\"https:\/\/www.il-lumina.com\/blog\/wp-content\/themes\/breek\/assets\/images\/transparent.gif\" data-lazy=\"true\" data-src=\"https:\/\/www.il-lumina.com\/blog\/wp-content\/uploads\/2022\/09\/navidad24-1-272x450.png\" alt=\"bolas grandes en arboles de navidad \" width=\"272\" height=\"450\" data-srcset=\"https:\/\/www.il-lumina.com\/blog\/wp-content\/uploads\/2022\/09\/navidad24-1-272x450.png 272w, https:\/\/www.il-lumina.com\/blog\/wp-content\/uploads\/2022\/09\/navidad24-1-181x300.png 181w, https:\/\/www.il-lumina.com\/blog\/wp-content\/uploads\/2022\/09\/navidad24-1-60x100.png 60w, https:\/\/www.il-lumina.com\/blog\/wp-content\/uploads\/2022\/09\/navidad24-1.png 370w\" data-sizes=\"auto, (max-width: 272px) 100vw, 272px\" \/><p id=\"caption-attachment-809\" class=\"wp-caption-text\">Fuente: Pinterest<\/p><\/div>\n<div id=\"attachment_810\" style=\"width: 266px\" class=\"wp-caption aligncenter\"><img loading=\"lazy\" decoding=\"async\" aria-describedby=\"caption-attachment-810\" class=\"wp-image-810 size-epcl_single_content\" src=\"https:\/\/www.il-lumina.com\/blog\/wp-content\/themes\/breek\/assets\/images\/transparent.gif\" data-lazy=\"true\" data-src=\"https:\/\/www.il-lumina.com\/blog\/wp-content\/uploads\/2022\/09\/navidad24-2-256x450.png\" alt=\"arboles de navidad 2023\" width=\"256\" height=\"450\" data-srcset=\"https:\/\/www.il-lumina.com\/blog\/wp-content\/uploads\/2022\/09\/navidad24-2-256x450.png 256w, https:\/\/www.il-lumina.com\/blog\/wp-content\/uploads\/2022\/09\/navidad24-2-171x300.png 171w, https:\/\/www.il-lumina.com\/blog\/wp-content\/uploads\/2022\/09\/navidad24-2-57x100.png 57w, https:\/\/www.il-lumina.com\/blog\/wp-content\/uploads\/2022\/09\/navidad24-2.png 380w\" data-sizes=\"auto, (max-width: 256px) 100vw, 256px\" \/><p id=\"caption-attachment-810\" class=\"wp-caption-text\">Fuente:Pinterest<\/p><\/div>\n<h3><strong>2. Colores blanco y dorado tendencia en decoraci\u00f3n Navide\u00f1a<\/strong><\/h3>\n<p>La decoraci\u00f3n navide\u00f1a tradicional, impregnada de motivos y colores que evocan una sensaci\u00f3n acogedora y atemporal, se renueva con cada temporada festiva. Aunque su esencia perdura, cada a\u00f1o se vislumbra una sutil tendencia hacia nuevas tonalidades y enfoques creativos. En esta pr\u00f3xima Navidad 24-25, seremos testigos de una transformaci\u00f3n deslumbrante, donde los colores blanco y dorado asumir\u00e1n el papel protag\u00f3nico.<\/p>\n<p>Estos tonos, que simbolizan la pureza y la opulencia, se entrelazar\u00e1n en una danza crom\u00e1tica que llenar\u00e1 los espacios de un resplandor exquisito y sofisticado. El blanco, con su serenidad inigualable, crear\u00e1 un lienzo en el que la luz navide\u00f1a rebotar\u00e1 con gracia, iluminando cada rinc\u00f3n con una luminosidad m\u00e1gica. Un elemento minimalista y moderno que nos puede acompa\u00f1ar, son las <strong><a href=\"https:\/\/www.il-lumina.com\/es\/guirnaldas-luces-navidad\/2298-cuerda-de-yute-con-luces-led-blanco-calido-para-interior-129-m-100-leds-8719152295449.html\">cuerdas de luces led blancas<\/a><\/strong>, que encajan perfectamente con otros colores.\u00a0 El dorado, por su parte, aportar\u00e1 un toque de elegancia y lujo, destacando en detalles y ornamentos con un brillo cautivador.<\/p>\n<div id=\"attachment_317\" style=\"width: 179px\" class=\"wp-caption aligncenter\"><img loading=\"lazy\" decoding=\"async\" aria-describedby=\"caption-attachment-317\" class=\"wp-image-317 size-medium\" src=\"https:\/\/www.il-lumina.com\/blog\/wp-content\/themes\/breek\/assets\/images\/transparent.gif\" data-lazy=\"true\" data-src=\"https:\/\/www.il-lumina.com\/blog\/wp-content\/uploads\/2021\/11\/872617b1466d97d6c702d005ac3c49c9-169x300.jpg\" alt=\"\" width=\"169\" height=\"300\" data-srcset=\"https:\/\/www.il-lumina.com\/blog\/wp-content\/uploads\/2021\/11\/872617b1466d97d6c702d005ac3c49c9-169x300.jpg 169w, https:\/\/www.il-lumina.com\/blog\/wp-content\/uploads\/2021\/11\/872617b1466d97d6c702d005ac3c49c9-56x100.jpg 56w, https:\/\/www.il-lumina.com\/blog\/wp-content\/uploads\/2021\/11\/872617b1466d97d6c702d005ac3c49c9-253x450.jpg 253w, https:\/\/www.il-lumina.com\/blog\/wp-content\/uploads\/2021\/11\/872617b1466d97d6c702d005ac3c49c9.jpg 564w\" data-sizes=\"auto, (max-width: 169px) 100vw, 169px\" \/><p id=\"caption-attachment-317\" class=\"wp-caption-text\">Fuente:Pinterest<\/p><\/div>\n<div id=\"attachment_316\" style=\"width: 176px\" class=\"wp-caption aligncenter\"><img loading=\"lazy\" decoding=\"async\" aria-describedby=\"caption-attachment-316\" class=\"wp-image-316 \" src=\"https:\/\/www.il-lumina.com\/blog\/wp-content\/themes\/breek\/assets\/images\/transparent.gif\" data-lazy=\"true\" data-src=\"https:\/\/www.il-lumina.com\/blog\/wp-content\/uploads\/2021\/11\/navidad23-1-148x300.png\" alt=\"decoracion arbol navidad 23\" width=\"166\" height=\"326\" \/><p id=\"caption-attachment-316\" class=\"wp-caption-text\">Fuente:Pinterest<\/p><\/div>\n<h3><strong>3. Minimalismo y estilo n\u00f3rdico<\/strong><\/h3>\n<p>El <a href=\"https:\/\/www.il-lumina.com\/es\/figuras-luminosas-navidad-led-exteriores\/3790-4147-figura-navidena-para-farolas-forma-arbol-de-navidad-relleno-8431547477307.html#\/57-color-dorado\">estilo n\u00f3rdico<\/a> refinado y lineal de formas rectas y sencillas, est\u00e1 influenciando cada d\u00eda m\u00e1s en la decoraci\u00f3n navide\u00f1a actual es refinada, ecol\u00f3gica y sostenible. Los colores blancos se potencian con iluminaci\u00f3n en blanco fr\u00edo.<\/p>\n<p><img loading=\"lazy\" decoding=\"async\" class=\"aligncenter wp-image-49\" src=\"https:\/\/www.il-lumina.com\/blog\/wp-content\/themes\/breek\/assets\/images\/transparent.gif\" data-lazy=\"true\" data-src=\"https:\/\/www.il-lumina.com\/blog\/wp-content\/uploads\/2022\/03\/word-image-5.png\" alt=\"iluminaci\u00f3n de Navidad en fachadas \" width=\"568\" height=\"577\" data-srcset=\"https:\/\/www.il-lumina.com\/blog\/wp-content\/uploads\/2022\/03\/word-image-5.png 568w, https:\/\/www.il-lumina.com\/blog\/wp-content\/uploads\/2022\/03\/word-image-5-295x300.png 295w, https:\/\/www.il-lumina.com\/blog\/wp-content\/uploads\/2022\/03\/word-image-5-98x100.png 98w, https:\/\/www.il-lumina.com\/blog\/wp-content\/uploads\/2022\/03\/word-image-5-443x450.png 443w\" data-sizes=\"auto, (max-width: 568px) 100vw, 568px\" \/><\/p>\n<h3><strong>4. Instalaciones con figuras en 3D a pie de calle o en la acera para postear en Instagram y Tik Tok<\/strong><\/h3>\n<p>Sin duda las redes sociales se han convertido en parte de nuestra vida. Cada d\u00eda son millones de publicaciones dedicadas a la navidad, influencers y no tan \u201cimportantes\u201d dedican miles de fotos al \u201cpostureo\u201d navide\u00f1o. Las figura en 3D, permiten a los usuarios de las redes sociales poder plasmar en sus post de forma sencilla e interactuar con estos adornos. Desde <strong><a href=\"https:\/\/www.il-lumina.com\/es\/figuras-de-navidad-3d-led\/688-nacimiento-navidad-3d-con-5-figuras-led-ip44-apto-para-exteriores-230v-8431547551946.html\">nacimientos navide\u00f1os para exterior<\/a><\/strong> de tama\u00f1o grande hasta <strong><a href=\"https:\/\/www.il-lumina.com\/es\/figuras-de-navidad-3d-led\/2373-estrella-gigante-3d-led-luz-blanca-fria-intermitencia-luz-calida-206-metros-ip65-230v-186w-8431547510493.html\" target=\"_blank\" rel=\"noopener\">estrellas navide\u00f1as gigantes<\/a><\/strong> para destacar sin lugar a dudas.<\/p>\n<p>Si quieres ver nuestro amplio <strong>catalogo de figuras 3D de Navidad <a href=\"https:\/\/www.il-lumina.com\/es\/43-figuras-luminosas-navidad-led-exteriores\">PULSA AQU\u00cd<\/a><\/strong><\/p>\n<p><img loading=\"lazy\" decoding=\"async\" class=\"aligncenter wp-image-50\" src=\"https:\/\/www.il-lumina.com\/blog\/wp-content\/themes\/breek\/assets\/images\/transparent.gif\" data-lazy=\"true\" data-src=\"https:\/\/www.il-lumina.com\/blog\/wp-content\/uploads\/2022\/03\/iluminacion-navidena.png\" alt=\"iluminacion-navide\u00f1a-Bolas-de navidad gigantes para la acera\" width=\"600\" height=\"492\" data-srcset=\"https:\/\/www.il-lumina.com\/blog\/wp-content\/uploads\/2022\/03\/iluminacion-navidena.png 600w, https:\/\/www.il-lumina.com\/blog\/wp-content\/uploads\/2022\/03\/iluminacion-navidena-300x246.png 300w, https:\/\/www.il-lumina.com\/blog\/wp-content\/uploads\/2022\/03\/iluminacion-navidena-100x82.png 100w, https:\/\/www.il-lumina.com\/blog\/wp-content\/uploads\/2022\/03\/iluminacion-navidena-549x450.png 549w\" data-sizes=\"auto, (max-width: 600px) 100vw, 600px\" \/><\/p>\n<h3><strong>5. Control y personalizaci\u00f3n a trav\u00e9s del smartphone de las luces de navidad<\/strong><\/h3>\n<p>El famoso IoT o internet de las cosas nos ofrece la posibilidad de personalizar la iluminaci\u00f3n navide\u00f1a. Programar el color, el tiempo de encendido, el tipo de luz o el programa de parpadeo o flashing a nuestro antojo es una nueva forma de decorar esta navidad con efectos totalmente personalizables a trav\u00e9s de sencillas APP o mandos a distancia. Los sistemas m\u00e1s avanzados ofrecen poder customizar la iluminaci\u00f3n a trav\u00e9s de nuestros dispositivos m\u00f3viles ya sea a trav\u00e9s de Wifi o Bluetooth. Puedes consultar diferentes opciones en nuestra categor\u00eda <strong><a href=\"https:\/\/www.il-lumina.com\/es\/268-guirnaldas-luces-navidad\">guirnaldas de luces navidad<\/a> <\/strong>en la que podr\u00e1s encontrar<strong><a href=\"https:\/\/www.il-lumina.com\/es\/guirnaldas-luces-navidad\/5905-guirnalda-12m-y-180-leds-de-1-tramo-cable-y-luz-roja-empalmable-ip44-apta-para-exterior.html\"> guirnaldas rojas luminosas<\/a> como una de las m\u00e1s populares en esta \u00e9poca del a\u00f1o.<\/strong><\/p>\n<p><img loading=\"lazy\" decoding=\"async\" class=\"aligncenter wp-image-51\" src=\"https:\/\/www.il-lumina.com\/blog\/wp-content\/themes\/breek\/assets\/images\/transparent.gif\" data-lazy=\"true\" data-src=\"https:\/\/www.il-lumina.com\/blog\/wp-content\/uploads\/2022\/03\/iluminacion-navidad.png\" alt=\"iluminacion-navidad-\" width=\"399\" height=\"638\" data-srcset=\"https:\/\/www.il-lumina.com\/blog\/wp-content\/uploads\/2022\/03\/iluminacion-navidad.png 399w, https:\/\/www.il-lumina.com\/blog\/wp-content\/uploads\/2022\/03\/iluminacion-navidad-188x300.png 188w, https:\/\/www.il-lumina.com\/blog\/wp-content\/uploads\/2022\/03\/iluminacion-navidad-63x100.png 63w, https:\/\/www.il-lumina.com\/blog\/wp-content\/uploads\/2022\/03\/iluminacion-navidad-281x450.png 281w\" data-sizes=\"auto, (max-width: 399px) 100vw, 399px\" \/><\/p>\n<h3><strong>6. Materiales naturales<\/strong><\/h3>\n<p>Cuidar el medioambiente cada d\u00eda se impone m\u00e1s en los dise\u00f1os de la decoraci\u00f3n navide\u00f1a. En esta l\u00ednea, los dorados y los materiales sint\u00e9ticos se sustituyen por ornamentos reciclables y materiales de la naturaleza, como ramas y hojas, cuerda, madera y piedra.<\/p>\n<p><img loading=\"lazy\" decoding=\"async\" width=\"575\" height=\"711\" class=\"wp-image-52\" src=\"https:\/\/www.il-lumina.com\/blog\/wp-content\/themes\/breek\/assets\/images\/transparent.gif\" data-lazy=\"true\" data-src=\"https:\/\/www.il-lumina.com\/blog\/wp-content\/uploads\/2022\/03\/word-image-6.png\" data-srcset=\"https:\/\/www.il-lumina.com\/blog\/wp-content\/uploads\/2022\/03\/word-image-6.png 575w, https:\/\/www.il-lumina.com\/blog\/wp-content\/uploads\/2022\/03\/word-image-6-243x300.png 243w, https:\/\/www.il-lumina.com\/blog\/wp-content\/uploads\/2022\/03\/word-image-6-81x100.png 81w, https:\/\/www.il-lumina.com\/blog\/wp-content\/uploads\/2022\/03\/word-image-6-364x450.png 364w\" data-sizes=\"auto, (max-width: 575px) 100vw, 575px\" \/> <img loading=\"lazy\" decoding=\"async\" width=\"600\" height=\"734\" class=\"wp-image-53\" src=\"https:\/\/www.il-lumina.com\/blog\/wp-content\/themes\/breek\/assets\/images\/transparent.gif\" data-lazy=\"true\" data-src=\"https:\/\/www.il-lumina.com\/blog\/wp-content\/uploads\/2022\/03\/iluminacion-navidad-1.png\" alt=\"iluminacion-navidad\" data-srcset=\"https:\/\/www.il-lumina.com\/blog\/wp-content\/uploads\/2022\/03\/iluminacion-navidad-1.png 600w, https:\/\/www.il-lumina.com\/blog\/wp-content\/uploads\/2022\/03\/iluminacion-navidad-1-245x300.png 245w, https:\/\/www.il-lumina.com\/blog\/wp-content\/uploads\/2022\/03\/iluminacion-navidad-1-82x100.png 82w, https:\/\/www.il-lumina.com\/blog\/wp-content\/uploads\/2022\/03\/iluminacion-navidad-1-368x450.png 368w\" data-sizes=\"auto, (max-width: 600px) 100vw, 600px\" \/><\/p>\n<p>&nbsp;<\/p>\n","protected":false},"excerpt":{"rendered":"<p>En il-lumina somos especialistas en distribuci\u00f3n de luces LEDs\u00a0 para centros comerciales y las calles de todo pueblo o ciudad, trabajamos el alumbrado navide\u00f1o con&#8230;<\/p>\n","protected":false},"author":1,"featured_media":1204,"comment_status":"open","ping_status":"open","sticky":false,"template":"","format":"standard","meta":{"footnotes":""},"categories":[3],"tags":[],"class_list":["post-47","post","type-post","status-publish","format-standard","has-post-thumbnail","hentry","category-tendencias"],"acf":[],"_links":{"self":[{"href":"https:\/\/www.il-lumina.com\/blog\/wp-json\/wp\/v2\/posts\/47","targetHints":{"allow":["GET"]}}],"collection":[{"href":"https:\/\/www.il-lumina.com\/blog\/wp-json\/wp\/v2\/posts"}],"about":[{"href":"https:\/\/www.il-lumina.com\/blog\/wp-json\/wp\/v2\/types\/post"}],"author":[{"embeddable":true,"href":"https:\/\/www.il-lumina.com\/blog\/wp-json\/wp\/v2\/users\/1"}],"replies":[{"embeddable":true,"href":"https:\/\/www.il-lumina.com\/blog\/wp-json\/wp\/v2\/comments?post=47"}],"version-history":[{"count":27,"href":"https:\/\/www.il-lumina.com\/blog\/wp-json\/wp\/v2\/posts\/47\/revisions"}],"predecessor-version":[{"id":1205,"href":"https:\/\/www.il-lumina.com\/blog\/wp-json\/wp\/v2\/posts\/47\/revisions\/1205"}],"wp:featuredmedia":[{"embeddable":true,"href":"https:\/\/www.il-lumina.com\/blog\/wp-json\/wp\/v2\/media\/1204"}],"wp:attachment":[{"href":"https:\/\/www.il-lumina.com\/blog\/wp-json\/wp\/v2\/media?parent=47"}],"wp:term":[{"taxonomy":"category","embeddable":true,"href":"https:\/\/www.il-lumina.com\/blog\/wp-json\/wp\/v2\/categories?post=47"},{"taxonomy":"post_tag","embeddable":true,"href":"https:\/\/www.il-lumina.com\/blog\/wp-json\/wp\/v2\/tags?post=47"}],"curies":[{"name":"wp","href":"https:\/\/api.w.org\/{rel}","templated":true}]}}