{"id":536,"date":"2024-08-09T18:59:22","date_gmt":"2024-08-09T18:59:22","guid":{"rendered":"https:\/\/www.il-lumina.com\/blog\/?p=536"},"modified":"2024-08-14T11:25:58","modified_gmt":"2024-08-14T11:25:58","slug":"como-iluminar-un-bar-o-restaurante-adecuadamente","status":"publish","type":"post","link":"https:\/\/www.il-lumina.com\/blog\/como-iluminar-un-bar-o-restaurante-adecuadamente\/","title":{"rendered":"C\u00f3mo iluminar un bar o restaurante adecuadamente"},"content":{"rendered":"<p>La <strong>iluminaci\u00f3n de un bar o restaurante<\/strong> representa un reto para los due\u00f1os de estos establecimientos. Conseguir una iluminaci\u00f3n adecuada permite ofrecer a los clientes un espacio agradable donde la experiencia de ocio se convierte en algo m\u00e1s.<\/p>\n<h2>Ideas y consejos para iluminar un bar o un restaurante<\/h2>\n<p>La clave de <strong>una buena iluminaci\u00f3n para un bar se basa en la regulaci\u00f3n<\/strong>. Es decir utilizar una iluminaci\u00f3n dimable o regulable que pueda adecuar la temperatura o la posici\u00f3n al momento del d\u00eda.\u00a0 Distinguiendo una iluminaci\u00f3n c\u00e1lida a muy c\u00e1lida. Es decir, para iluminar las zonas donde se ofrezcan desayunos podemos utilizar una luz c\u00e1lida de unos 3000\u00bak ya que es una luz que nos da dinamismo y nos invita a la actividad al comienzo del d\u00eda, a medida que pasen las horas del d\u00eda debemos ir aumentado la calidez&#8230; de esta manera nos disponemos a enfatizar el concepto de confort.<\/p>\n<p><img loading=\"lazy\" decoding=\"async\" class=\"aligncenter wp-image-541 size-full\" src=\"https:\/\/www.il-lumina.com\/blog\/wp-content\/themes\/breek\/assets\/images\/transparent.gif\" data-lazy=\"true\" data-src=\"https:\/\/www.il-lumina.com\/blog\/wp-content\/uploads\/2023\/01\/TEMPERATURA.jpg\" alt=\"cambio de temperatura segun el momento del dia\" width=\"1197\" height=\"490\" data-srcset=\"https:\/\/www.il-lumina.com\/blog\/wp-content\/uploads\/2023\/01\/TEMPERATURA.jpg 1197w, https:\/\/www.il-lumina.com\/blog\/wp-content\/uploads\/2023\/01\/TEMPERATURA-300x123.jpg 300w, https:\/\/www.il-lumina.com\/blog\/wp-content\/uploads\/2023\/01\/TEMPERATURA-1024x419.jpg 1024w, https:\/\/www.il-lumina.com\/blog\/wp-content\/uploads\/2023\/01\/TEMPERATURA-768x314.jpg 768w, https:\/\/www.il-lumina.com\/blog\/wp-content\/uploads\/2023\/01\/TEMPERATURA-100x41.jpg 100w, https:\/\/www.il-lumina.com\/blog\/wp-content\/uploads\/2023\/01\/TEMPERATURA-700x287.jpg 700w\" data-sizes=\"auto, (max-width: 1197px) 100vw, 1197px\" \/><\/p>\n<p>En ocasiones nos encontramos con un problema que la iluminaci\u00f3n es demasiado brillante, para conseguir crear la atmosfera adecuada debemos huir de la luz directa. Para ello, lo ideal es utilizar iluminaci\u00f3n indirecta. Es importante tener en cuenta que la iluminaci\u00f3n es fundamental a la hora de crear \u00abambiente\u00bb. Para crear esa luz indirecta podemos recurrir a apliques de pared o bien a <strong><a href=\"https:\/\/www.il-lumina.com\/es\/190-tiras-led\">tiras de luces LED<\/a> <\/strong>.<\/p>\n<div id=\"attachment_549\" style=\"width: 543px\" class=\"wp-caption aligncenter\"><img loading=\"lazy\" decoding=\"async\" aria-describedby=\"caption-attachment-549\" class=\"wp-image-549 \" src=\"https:\/\/www.il-lumina.com\/blog\/wp-content\/themes\/breek\/assets\/images\/transparent.gif\" data-lazy=\"true\" data-src=\"https:\/\/www.il-lumina.com\/blog\/wp-content\/uploads\/2023\/01\/tira-led-bar.png\" alt=\"\" width=\"533\" height=\"537\" data-srcset=\"https:\/\/www.il-lumina.com\/blog\/wp-content\/uploads\/2023\/01\/tira-led-bar.png 624w, https:\/\/www.il-lumina.com\/blog\/wp-content\/uploads\/2023\/01\/tira-led-bar-298x300.png 298w, https:\/\/www.il-lumina.com\/blog\/wp-content\/uploads\/2023\/01\/tira-led-bar-150x150.png 150w, https:\/\/www.il-lumina.com\/blog\/wp-content\/uploads\/2023\/01\/tira-led-bar-100x100.png 100w, https:\/\/www.il-lumina.com\/blog\/wp-content\/uploads\/2023\/01\/tira-led-bar-446x450.png 446w, https:\/\/www.il-lumina.com\/blog\/wp-content\/uploads\/2023\/01\/tira-led-bar-120x120.png 120w\" data-sizes=\"auto, (max-width: 533px) 100vw, 533px\" \/><p id=\"caption-attachment-549\" class=\"wp-caption-text\">Fuente: il-lumina<\/p><\/div>\n<p>Ya sea lujoso, moderno-minimalista o intimo, cada bar, cada caf\u00e9 sigue un concepto gastron\u00f3mico diferente y tiene un toque \u00fanico. El primer impacto visual de los clientes define si les apetece estar en ese lugar o no. Y cuando se trata de crear un ambiente \u00fanico, la iluminaci\u00f3n siempre juega un papel importante.<\/p>\n<div id=\"attachment_554\" style=\"width: 534px\" class=\"wp-caption aligncenter\"><img loading=\"lazy\" decoding=\"async\" aria-describedby=\"caption-attachment-554\" class=\"wp-image-554 \" src=\"https:\/\/www.il-lumina.com\/blog\/wp-content\/themes\/breek\/assets\/images\/transparent.gif\" data-lazy=\"true\" data-src=\"https:\/\/www.il-lumina.com\/blog\/wp-content\/uploads\/2023\/01\/b_730_941a6813-660a-4e1d-a5a1-3661336b6923-683x1024.jpg\" alt=\"lamparas colgantes\" width=\"524\" height=\"786\" data-srcset=\"https:\/\/www.il-lumina.com\/blog\/wp-content\/uploads\/2023\/01\/b_730_941a6813-660a-4e1d-a5a1-3661336b6923-683x1024.jpg 683w, https:\/\/www.il-lumina.com\/blog\/wp-content\/uploads\/2023\/01\/b_730_941a6813-660a-4e1d-a5a1-3661336b6923-200x300.jpg 200w, https:\/\/www.il-lumina.com\/blog\/wp-content\/uploads\/2023\/01\/b_730_941a6813-660a-4e1d-a5a1-3661336b6923-768x1152.jpg 768w, https:\/\/www.il-lumina.com\/blog\/wp-content\/uploads\/2023\/01\/b_730_941a6813-660a-4e1d-a5a1-3661336b6923-67x100.jpg 67w, https:\/\/www.il-lumina.com\/blog\/wp-content\/uploads\/2023\/01\/b_730_941a6813-660a-4e1d-a5a1-3661336b6923-300x450.jpg 300w, https:\/\/www.il-lumina.com\/blog\/wp-content\/uploads\/2023\/01\/b_730_941a6813-660a-4e1d-a5a1-3661336b6923.jpg 780w\" data-sizes=\"auto, (max-width: 524px) 100vw, 524px\" \/><p id=\"caption-attachment-554\" class=\"wp-caption-text\">Fuente: Pinterest<\/p><\/div>\n<p>No importa cu\u00e1n reducido sea el dise\u00f1o de un bar: la atm\u00f3sfera creada por la\u00a0 iluminaci\u00f3n, tiene diferentes matices como la temperatura del color (se mide en grados kelvin) y la reproducci\u00f3n crom\u00e1tica (CRI) y del juego de luces y sombras por el otro, tienen que cumplir el siguiente objetivo: <strong>Crear un ambiente c\u00e1lido y acogedor. Las\u00a0 l\u00e1mparas de fibra tan de moda ayudan a crear este ambiente.<\/strong><\/p>\n<div id=\"attachment_555\" style=\"width: 535px\" class=\"wp-caption aligncenter\"><img loading=\"lazy\" decoding=\"async\" aria-describedby=\"caption-attachment-555\" class=\"wp-image-555 \" src=\"https:\/\/www.il-lumina.com\/blog\/wp-content\/themes\/breek\/assets\/images\/transparent.gif\" data-lazy=\"true\" data-src=\"https:\/\/www.il-lumina.com\/blog\/wp-content\/uploads\/2023\/01\/colgante2-683x1024.jpg\" alt=\"\" width=\"525\" height=\"787\" data-srcset=\"https:\/\/www.il-lumina.com\/blog\/wp-content\/uploads\/2023\/01\/colgante2-683x1024.jpg 683w, https:\/\/www.il-lumina.com\/blog\/wp-content\/uploads\/2023\/01\/colgante2-200x300.jpg 200w, https:\/\/www.il-lumina.com\/blog\/wp-content\/uploads\/2023\/01\/colgante2-67x100.jpg 67w, https:\/\/www.il-lumina.com\/blog\/wp-content\/uploads\/2023\/01\/colgante2-300x450.jpg 300w, https:\/\/www.il-lumina.com\/blog\/wp-content\/uploads\/2023\/01\/colgante2.jpg 736w\" data-sizes=\"auto, (max-width: 525px) 100vw, 525px\" \/><p id=\"caption-attachment-555\" class=\"wp-caption-text\">Fuente: Pinterest<\/p><\/div>\n<h3>Es importante diferenciar las zonas del bar o establecimiento: \u00c1rea de recepci\u00f3n, Barra, Zona de mesas, cocina y almac\u00e9n y terraza.<\/h3>\n<div id=\"attachment_589\" style=\"width: 440px\" class=\"wp-caption aligncenter\"><a href=\"https:\/\/www.il-lumina.com\/es\/404-iluminacion-jardin\"><img loading=\"lazy\" decoding=\"async\" aria-describedby=\"caption-attachment-589\" class=\"wp-image-589\" src=\"https:\/\/www.il-lumina.com\/blog\/wp-content\/themes\/breek\/assets\/images\/transparent.gif\" data-lazy=\"true\" data-src=\"https:\/\/www.il-lumina.com\/blog\/wp-content\/uploads\/2023\/01\/iluminacion-de-terrazas.jpg\" alt=\"iluminacion de terrazas\" width=\"430\" height=\"430\" data-srcset=\"https:\/\/www.il-lumina.com\/blog\/wp-content\/uploads\/2023\/01\/iluminacion-de-terrazas.jpg 644w, https:\/\/www.il-lumina.com\/blog\/wp-content\/uploads\/2023\/01\/iluminacion-de-terrazas-300x300.jpg 300w, https:\/\/www.il-lumina.com\/blog\/wp-content\/uploads\/2023\/01\/iluminacion-de-terrazas-150x150.jpg 150w, https:\/\/www.il-lumina.com\/blog\/wp-content\/uploads\/2023\/01\/iluminacion-de-terrazas-100x100.jpg 100w, https:\/\/www.il-lumina.com\/blog\/wp-content\/uploads\/2023\/01\/iluminacion-de-terrazas-450x450.jpg 450w, https:\/\/www.il-lumina.com\/blog\/wp-content\/uploads\/2023\/01\/iluminacion-de-terrazas-120x120.jpg 120w\" data-sizes=\"auto, (max-width: 430px) 100vw, 430px\" \/><\/a><p id=\"caption-attachment-589\" class=\"wp-caption-text\">Publicidad<\/p><\/div>\n<p>En ocasiones la zona de recepci\u00f3n y las mesas est\u00e1n unificadas en el mismo espacio, para esta zonas. Puede ser iluminada,\u00a0 por ejemplo con<strong><a href=\"https:\/\/www.il-lumina.com\/es\/82-focos-de-carril\"> iluminaci\u00f3n por focos de carril<\/a> <\/strong>para poder mover y definir las \u00e1reas o mesas, y para crear ese ambiente c\u00e1lido ayudarse de\u00a0 <a href=\"https:\/\/www.il-lumina.com\/es\/17-lamparas-colgantes\">l\u00e1mparas colgantes<\/a>, para que los platos luzcan. Eso si, la luz no debe iluminar directamente el rostro de las personas, ya deslumbra y adem\u00e1s no favorecer\u00e1 en el momento de las redes sociales.<\/p>\n<div id=\"attachment_1101\" style=\"width: 417px\" class=\"wp-caption aligncenter\"><a href=\"https:\/\/www.il-lumina.com\/es\/164-carriles-de-techo-universales-focos\"><img loading=\"lazy\" decoding=\"async\" aria-describedby=\"caption-attachment-1101\" class=\"wp-image-1101 size-epcl_single_content\" src=\"https:\/\/www.il-lumina.com\/blog\/wp-content\/themes\/breek\/assets\/images\/transparent.gif\" data-lazy=\"true\" data-src=\"https:\/\/www.il-lumina.com\/blog\/wp-content\/uploads\/2024\/08\/CARRILES-407x450.jpg\" alt=\"FOCOS DE CARRIL\" width=\"407\" height=\"450\" data-srcset=\"https:\/\/www.il-lumina.com\/blog\/wp-content\/uploads\/2024\/08\/CARRILES-407x450.jpg 407w, https:\/\/www.il-lumina.com\/blog\/wp-content\/uploads\/2024\/08\/CARRILES-272x300.jpg 272w, https:\/\/www.il-lumina.com\/blog\/wp-content\/uploads\/2024\/08\/CARRILES-91x100.jpg 91w, https:\/\/www.il-lumina.com\/blog\/wp-content\/uploads\/2024\/08\/CARRILES.jpg 498w\" data-sizes=\"auto, (max-width: 407px) 100vw, 407px\" \/><\/a><p id=\"caption-attachment-1101\" class=\"wp-caption-text\">Nuestros focos de carril en la famosa Helader\u00eda Borgonesse de Alicante<\/p><\/div>\n<div id=\"attachment_1091\" style=\"width: 467px\" class=\"wp-caption aligncenter\"><a href=\"https:\/\/www.il-lumina.com\/es\/lamparas-colgantes\/902-lampara-de-techo-colgante-15cm-pantalla-estructura-metal-negro-con-portalamparas-en-cuerda-e27-8435045088133.html\"><img loading=\"lazy\" decoding=\"async\" aria-describedby=\"caption-attachment-1091\" class=\"wp-image-1091 size-epcl_single_content\" src=\"https:\/\/www.il-lumina.com\/blog\/wp-content\/themes\/breek\/assets\/images\/transparent.gif\" data-lazy=\"true\" data-src=\"https:\/\/www.il-lumina.com\/blog\/wp-content\/uploads\/2024\/08\/bares1-457x450.jpg\" alt=\"\" width=\"457\" height=\"450\" data-srcset=\"https:\/\/www.il-lumina.com\/blog\/wp-content\/uploads\/2024\/08\/bares1-457x450.jpg 457w, https:\/\/www.il-lumina.com\/blog\/wp-content\/uploads\/2024\/08\/bares1-300x296.jpg 300w, https:\/\/www.il-lumina.com\/blog\/wp-content\/uploads\/2024\/08\/bares1.jpg 551w\" data-sizes=\"auto, (max-width: 457px) 100vw, 457px\" \/><\/a><p id=\"caption-attachment-1091\" class=\"wp-caption-text\">L\u00e1mpara de techo colgante 15cm pantalla estructura metal negro con portal\u00e1mparas en cuerda E27<\/p><\/div>\n<div id=\"attachment_1092\" style=\"width: 427px\" class=\"wp-caption aligncenter\"><a href=\"https:\/\/www.il-lumina.com\/es\/lamparas-colgantes\/4293-lampara-de-techo-28cm-de-acrilico-y-ratan-acabado-negro-y-natural-e27-60w-8435045101122.html\"><img loading=\"lazy\" decoding=\"async\" aria-describedby=\"caption-attachment-1092\" class=\"wp-image-1092 size-epcl_single_content\" src=\"https:\/\/www.il-lumina.com\/blog\/wp-content\/themes\/breek\/assets\/images\/transparent.gif\" data-lazy=\"true\" data-src=\"https:\/\/www.il-lumina.com\/blog\/wp-content\/uploads\/2024\/08\/bares3-417x450.jpg\" alt=\"\" width=\"417\" height=\"450\" data-srcset=\"https:\/\/www.il-lumina.com\/blog\/wp-content\/uploads\/2024\/08\/bares3-417x450.jpg 417w, https:\/\/www.il-lumina.com\/blog\/wp-content\/uploads\/2024\/08\/bares3-278x300.jpg 278w, https:\/\/www.il-lumina.com\/blog\/wp-content\/uploads\/2024\/08\/bares3-93x100.jpg 93w, https:\/\/www.il-lumina.com\/blog\/wp-content\/uploads\/2024\/08\/bares3.jpg 590w\" data-sizes=\"auto, (max-width: 417px) 100vw, 417px\" \/><\/a><p id=\"caption-attachment-1092\" class=\"wp-caption-text\">L\u00e1mpara de techo 28cm de acr\u00edlico y rat\u00e1n acabado negro y natural E27 60W<\/p><\/div>\n<div id=\"attachment_1102\" style=\"width: 455px\" class=\"wp-caption aligncenter\"><a href=\"http:\/\/L\u00e1mpara%20de%20techo%20LED%20100cm%20de%20metal,%20pl\u00e1stico%20y%20madera%2030W%203000K\"><img loading=\"lazy\" decoding=\"async\" aria-describedby=\"caption-attachment-1102\" class=\"wp-image-1102 size-epcl_single_content\" src=\"https:\/\/www.il-lumina.com\/blog\/wp-content\/themes\/breek\/assets\/images\/transparent.gif\" data-lazy=\"true\" data-src=\"https:\/\/www.il-lumina.com\/blog\/wp-content\/uploads\/2024\/08\/bares2-445x450.jpg\" alt=\"L\u00e1mpara de techo circular pantalla 78cm de fibra natural E27\" width=\"445\" height=\"450\" data-srcset=\"https:\/\/www.il-lumina.com\/blog\/wp-content\/uploads\/2024\/08\/bares2-445x450.jpg 445w, https:\/\/www.il-lumina.com\/blog\/wp-content\/uploads\/2024\/08\/bares2-297x300.jpg 297w, https:\/\/www.il-lumina.com\/blog\/wp-content\/uploads\/2024\/08\/bares2-100x100.jpg 100w, https:\/\/www.il-lumina.com\/blog\/wp-content\/uploads\/2024\/08\/bares2-120x120.jpg 120w, https:\/\/www.il-lumina.com\/blog\/wp-content\/uploads\/2024\/08\/bares2.jpg 634w\" data-sizes=\"auto, (max-width: 445px) 100vw, 445px\" \/><\/a><p id=\"caption-attachment-1102\" class=\"wp-caption-text\">L\u00e1mpara de techo circular pantalla 78cm de fibra natural E27<\/p><\/div>\n<div id=\"attachment_1098\" style=\"width: 348px\" class=\"wp-caption aligncenter\"><a href=\"https:\/\/www.il-lumina.com\/es\/lamparas-colgantes\/2937-lampara-de-techo-38cm-de-ratan-natural-trenzado-e27-100w-3188000776969.html\"><img loading=\"lazy\" decoding=\"async\" aria-describedby=\"caption-attachment-1098\" class=\"wp-image-1098 size-epcl_single_content\" src=\"https:\/\/www.il-lumina.com\/blog\/wp-content\/themes\/breek\/assets\/images\/transparent.gif\" data-lazy=\"true\" data-src=\"https:\/\/www.il-lumina.com\/blog\/wp-content\/uploads\/2024\/08\/Imagen-de-WhatsApp-2024-04-16-a-las-19.25.32_748f5462-338x450.jpg\" alt=\"\" width=\"338\" height=\"450\" data-srcset=\"https:\/\/www.il-lumina.com\/blog\/wp-content\/uploads\/2024\/08\/Imagen-de-WhatsApp-2024-04-16-a-las-19.25.32_748f5462-338x450.jpg 338w, https:\/\/www.il-lumina.com\/blog\/wp-content\/uploads\/2024\/08\/Imagen-de-WhatsApp-2024-04-16-a-las-19.25.32_748f5462-225x300.jpg 225w, https:\/\/www.il-lumina.com\/blog\/wp-content\/uploads\/2024\/08\/Imagen-de-WhatsApp-2024-04-16-a-las-19.25.32_748f5462-768x1024.jpg 768w, https:\/\/www.il-lumina.com\/blog\/wp-content\/uploads\/2024\/08\/Imagen-de-WhatsApp-2024-04-16-a-las-19.25.32_748f5462-1152x1536.jpg 1152w, https:\/\/www.il-lumina.com\/blog\/wp-content\/uploads\/2024\/08\/Imagen-de-WhatsApp-2024-04-16-a-las-19.25.32_748f5462-75x100.jpg 75w, https:\/\/www.il-lumina.com\/blog\/wp-content\/uploads\/2024\/08\/Imagen-de-WhatsApp-2024-04-16-a-las-19.25.32_748f5462-900x1200.jpg 900w, https:\/\/www.il-lumina.com\/blog\/wp-content\/uploads\/2024\/08\/Imagen-de-WhatsApp-2024-04-16-a-las-19.25.32_748f5462.jpg 1200w\" data-sizes=\"auto, (max-width: 338px) 100vw, 338px\" \/><\/a><p id=\"caption-attachment-1098\" class=\"wp-caption-text\">Las fibras naturales siempre dan frescura a los espacios y crean una sensaci\u00f3n c\u00e1lida<\/p><\/div>\n<div id=\"attachment_1099\" style=\"width: 348px\" class=\"wp-caption aligncenter\"><a href=\"https:\/\/www.il-lumina.com\/es\/lamparas-colgantes\/854-lampara-de-techo-vintage-negra-36cm-estructura-diamante-metal-negro-y-detalles-en-cuerda-e27-8435045088140.html\"><img loading=\"lazy\" decoding=\"async\" aria-describedby=\"caption-attachment-1099\" class=\"wp-image-1099 size-epcl_single_content\" src=\"https:\/\/www.il-lumina.com\/blog\/wp-content\/themes\/breek\/assets\/images\/transparent.gif\" data-lazy=\"true\" data-src=\"https:\/\/www.il-lumina.com\/blog\/wp-content\/uploads\/2024\/08\/img-1196-1100607-338x450.jpg\" alt=\"\" width=\"338\" height=\"450\" data-srcset=\"https:\/\/www.il-lumina.com\/blog\/wp-content\/uploads\/2024\/08\/img-1196-1100607-338x450.jpg 338w, https:\/\/www.il-lumina.com\/blog\/wp-content\/uploads\/2024\/08\/img-1196-1100607-225x300.jpg 225w, https:\/\/www.il-lumina.com\/blog\/wp-content\/uploads\/2024\/08\/img-1196-1100607-75x100.jpg 75w, https:\/\/www.il-lumina.com\/blog\/wp-content\/uploads\/2024\/08\/img-1196-1100607.jpg 675w\" data-sizes=\"auto, (max-width: 338px) 100vw, 338px\" \/><\/a><p id=\"caption-attachment-1099\" class=\"wp-caption-text\">Las l\u00e1mparas de estilo vintage tan de moda dan sensaci\u00f3n de autenticidad.<\/p><\/div>\n<p>&nbsp;<\/p>\n<ul>\n<li><strong>Si quieres ver una amplia gama de productos de<a href=\"https:\/\/www.il-lumina.com\/es\/238-iluminacion-hosteleria-restaurantes-bar\"> iluminaci\u00f3n para hosteler\u00eda, bares, restaurantes y cafeter\u00edas aqui tienes un amplio cat\u00e1logo<\/a><\/strong><\/li>\n<\/ul>\n<p>En zonas de trabajo para el personal como la <strong>cocina y los almacenes<\/strong> es necesario una luz funcional, hay diversos factores como la altura de los techos. Puedes utilizar tanto <strong><a href=\"https:\/\/www.il-lumina.com\/es\/83-campanas-led-industriales\">focos de naves industriales<\/a><\/strong> como <strong><a href=\"https:\/\/www.il-lumina.com\/es\/75-downlights-focos-empotrables-led\">empotrables para escayola<\/a><\/strong>, pero lo que debe predominar es la luz de temperatura 4000\u00bak, es una temperatura neutra, Luz funcional para el personal y los invitados. Tambi\u00e9n en cocinas se utilizan <strong><a href=\"https:\/\/www.il-lumina.com\/es\/120-tubos-luz-actinica\">l\u00e1mparas para anti insectos<\/a><\/strong> y as\u00ed evitar que estos molestos animales nos den problemas de falta de higiene.<\/p>\n<div id=\"attachment_543\" style=\"width: 710px\" class=\"wp-caption aligncenter\"><img loading=\"lazy\" decoding=\"async\" aria-describedby=\"caption-attachment-543\" class=\"wp-image-543 size-epcl_single_content\" src=\"https:\/\/www.il-lumina.com\/blog\/wp-content\/themes\/breek\/assets\/images\/transparent.gif\" data-lazy=\"true\" data-src=\"https:\/\/www.il-lumina.com\/blog\/wp-content\/uploads\/2023\/01\/cocina-restaurante-700x448.png\" alt=\"iluminacion-cocina-restaurante\" width=\"700\" height=\"448\" data-srcset=\"https:\/\/www.il-lumina.com\/blog\/wp-content\/uploads\/2023\/01\/cocina-restaurante-700x448.png 700w, https:\/\/www.il-lumina.com\/blog\/wp-content\/uploads\/2023\/01\/cocina-restaurante-300x192.png 300w, https:\/\/www.il-lumina.com\/blog\/wp-content\/uploads\/2023\/01\/cocina-restaurante-768x491.png 768w, https:\/\/www.il-lumina.com\/blog\/wp-content\/uploads\/2023\/01\/cocina-restaurante-100x64.png 100w, https:\/\/www.il-lumina.com\/blog\/wp-content\/uploads\/2023\/01\/cocina-restaurante.png 847w\" data-sizes=\"auto, (max-width: 700px) 100vw, 700px\" \/><p id=\"caption-attachment-543\" class=\"wp-caption-text\">Fuente: Pinterest<\/p><\/div>\n<p>En bares y cafeter\u00edas, la iluminaci\u00f3n cumple la tarea de diferenciar las zonas. Por un lado, tiene que ser funcional y proporcionar una luz brillante para el trabajo del personal. Al marcar tambi\u00e9n la divisi\u00f3n de las instalaciones e iluminar las v\u00edas de circulaci\u00f3n, los escalones, las escaleras y los pasillos con una luz suficientemente intensa, crea seguridad y facilita a los clientes la orientaci\u00f3n.<\/p>\n<h3>Busca un lugar para las redes sociales<\/h3>\n<p>Es ahora cuando las redes sociales son tan importantes que muchas experiencias en bares y restaurantes son compartidas a traves de Instragram o Facebook, facilita a tus clientes esa acci\u00f3n e intenta crear un lugar tipo Photocall con el nombre del restaurante para que los amigos de tus clientes deseen acudir al establecimiento.<\/p>\n<h2><strong>Bodas, comuniones y comidas y cenas de empresa, como iluminar con \u00e9xito<\/strong><\/h2>\n<p>Muchos restauradores tambi\u00e9n ofrecen a sus invitados reservar sus locales para bodas, fiestas y celebraciones de empresa. Las mesas y las sillas deben poder colocarse y moverse f\u00e1cilmente; la iluminaci\u00f3n tambi\u00e9n debe coordinarse con las salas multifuncionales y ofrecer el ambiente de iluminaci\u00f3n adecuada para cada ocasi\u00f3n. En il-lumina tienes toda una categor\u00eda con <strong><a href=\"https:\/\/www.il-lumina.com\/es\/270-iluminacion-eventos-y-bodas\">iluminaci\u00f3n y decoraci\u00f3n para eventos<\/a>.<\/strong><\/p>\n<h2><strong>La luz est\u00e9tica y ambiental como factor de \u00e9xito<\/strong><\/h2>\n<p>Tambi\u00e9n es tarea de la iluminaci\u00f3n crear un ambiente para las zonas de interior y as\u00ed enfatizar o incluso intensificar el efecto espacial deseado. Porque el ambiente de un bar o una cafeter\u00eda es lo primero que perciben los visitantes. Si a los clientes\u00a0 les gusta y la oferta culinaria tambi\u00e9n convence, estar\u00e1n encantados de volver. Adem\u00e1s de la calidad de la comida, el ambiente es crucial para el \u00e9xito de un local del hosteler\u00eda, despu\u00e9s de todo, como es bien sabido, la comida y la bebida entra por los ojos.<\/p>\n<div id=\"attachment_546\" style=\"width: 479px\" class=\"wp-caption aligncenter\"><img loading=\"lazy\" decoding=\"async\" aria-describedby=\"caption-attachment-546\" class=\"wp-image-546 size-full\" src=\"https:\/\/www.il-lumina.com\/blog\/wp-content\/themes\/breek\/assets\/images\/transparent.gif\" data-lazy=\"true\" data-src=\"https:\/\/www.il-lumina.com\/blog\/wp-content\/uploads\/2023\/01\/iluminacionbar.jpg\" alt=\"barra de bar\" width=\"469\" height=\"666\" data-srcset=\"https:\/\/www.il-lumina.com\/blog\/wp-content\/uploads\/2023\/01\/iluminacionbar.jpg 469w, https:\/\/www.il-lumina.com\/blog\/wp-content\/uploads\/2023\/01\/iluminacionbar-211x300.jpg 211w, https:\/\/www.il-lumina.com\/blog\/wp-content\/uploads\/2023\/01\/iluminacionbar-70x100.jpg 70w, https:\/\/www.il-lumina.com\/blog\/wp-content\/uploads\/2023\/01\/iluminacionbar-317x450.jpg 317w\" data-sizes=\"auto, (max-width: 469px) 100vw, 469px\" \/><p id=\"caption-attachment-546\" class=\"wp-caption-text\">Fuente: Pinterest<\/p><\/div>\n<div id=\"attachment_545\" style=\"width: 483px\" class=\"wp-caption aligncenter\"><img loading=\"lazy\" decoding=\"async\" aria-describedby=\"caption-attachment-545\" class=\"wp-image-545 size-full\" src=\"https:\/\/www.il-lumina.com\/blog\/wp-content\/themes\/breek\/assets\/images\/transparent.gif\" data-lazy=\"true\" data-src=\"https:\/\/www.il-lumina.com\/blog\/wp-content\/uploads\/2023\/01\/iluminacionbar-1.jpg\" alt=\"iluminacion lamparas naturales\" width=\"473\" height=\"642\" data-srcset=\"https:\/\/www.il-lumina.com\/blog\/wp-content\/uploads\/2023\/01\/iluminacionbar-1.jpg 473w, https:\/\/www.il-lumina.com\/blog\/wp-content\/uploads\/2023\/01\/iluminacionbar-1-221x300.jpg 221w, https:\/\/www.il-lumina.com\/blog\/wp-content\/uploads\/2023\/01\/iluminacionbar-1-74x100.jpg 74w, https:\/\/www.il-lumina.com\/blog\/wp-content\/uploads\/2023\/01\/iluminacionbar-1-332x450.jpg 332w\" data-sizes=\"auto, (max-width: 473px) 100vw, 473px\" \/><p id=\"caption-attachment-545\" class=\"wp-caption-text\">Fuente: Pinterest<\/p><\/div>\n<h3>La iluminaci\u00f3n refleja el concepto gastron\u00f3mico<\/h3>\n<p>El concepto de restaurante, de la cafeter\u00eda o bar tambi\u00e9n se refleja en la forma en que se dise\u00f1a la iluminaci\u00f3n. Una iluminaci\u00f3n interior compleja y variada, que se realiza con luces de alta calidad, sugiere una cocina sofisticada con alta calidad y precios correspondientemente altos. Por el contrario, un ambiente de iluminaci\u00f3n simple indica platos sencillos y buenos a precios asequibles.<\/p>\n<div id=\"attachment_564\" style=\"width: 480px\" class=\"wp-caption aligncenter\"><img loading=\"lazy\" decoding=\"async\" aria-describedby=\"caption-attachment-564\" class=\"wp-image-564 size-full\" src=\"https:\/\/www.il-lumina.com\/blog\/wp-content\/themes\/breek\/assets\/images\/transparent.gif\" data-lazy=\"true\" data-src=\"https:\/\/www.il-lumina.com\/blog\/wp-content\/uploads\/2023\/01\/iluminacionbar-3-1.jpg\" alt=\"\" width=\"470\" height=\"479\" data-srcset=\"https:\/\/www.il-lumina.com\/blog\/wp-content\/uploads\/2023\/01\/iluminacionbar-3-1.jpg 470w, https:\/\/www.il-lumina.com\/blog\/wp-content\/uploads\/2023\/01\/iluminacionbar-3-1-294x300.jpg 294w, https:\/\/www.il-lumina.com\/blog\/wp-content\/uploads\/2023\/01\/iluminacionbar-3-1-98x100.jpg 98w, https:\/\/www.il-lumina.com\/blog\/wp-content\/uploads\/2023\/01\/iluminacionbar-3-1-442x450.jpg 442w\" data-sizes=\"auto, (max-width: 470px) 100vw, 470px\" \/><p id=\"caption-attachment-564\" class=\"wp-caption-text\">Fuente: Pinterest<\/p><\/div>\n<h2 style=\"text-align: center;\">La iluminaci\u00f3n de las terrazas de los bares y restaurantes, asignatura pendiente<\/h2>\n<p>Los peatones que pasan primero notan un bar o una cafeter\u00eda desde el exterior. La atractiva iluminaci\u00f3n exterior despierta tu curiosidad y te invita a entrar. Especialmente en los oscuros meses de oto\u00f1o e invierno, puede valer la pena escenificar el edificio como un centro de atenci\u00f3n luminoso.\u00a0 Las guirnaldas y las luces de sobremesa consiguen crear esa atmosfera especial ideal para alargar las estancias en los meses m\u00e1s calurosos. En il-lumina adem\u00e1s ofrecemos l\u00e1mparas de pie de Exterior que dar\u00e1n un aspecto moderno y distinguido a tu terraza.<\/p>\n<div id=\"attachment_574\" style=\"width: 730px\" class=\"wp-caption aligncenter\"><img loading=\"lazy\" decoding=\"async\" aria-describedby=\"caption-attachment-574\" class=\"wp-image-574 size-large\" src=\"https:\/\/www.il-lumina.com\/blog\/wp-content\/themes\/breek\/assets\/images\/transparent.gif\" data-lazy=\"true\" data-src=\"https:\/\/www.il-lumina.com\/blog\/wp-content\/uploads\/2023\/01\/1651657512219-1024x1024.jpg\" alt=\"terraza bar iluminacion\" width=\"720\" height=\"720\" data-srcset=\"https:\/\/www.il-lumina.com\/blog\/wp-content\/uploads\/2023\/01\/1651657512219-1024x1024.jpg 1024w, https:\/\/www.il-lumina.com\/blog\/wp-content\/uploads\/2023\/01\/1651657512219-300x300.jpg 300w, https:\/\/www.il-lumina.com\/blog\/wp-content\/uploads\/2023\/01\/1651657512219-150x150.jpg 150w, https:\/\/www.il-lumina.com\/blog\/wp-content\/uploads\/2023\/01\/1651657512219-768x768.jpg 768w, https:\/\/www.il-lumina.com\/blog\/wp-content\/uploads\/2023\/01\/1651657512219-1536x1536.jpg 1536w, https:\/\/www.il-lumina.com\/blog\/wp-content\/uploads\/2023\/01\/1651657512219-100x100.jpg 100w, https:\/\/www.il-lumina.com\/blog\/wp-content\/uploads\/2023\/01\/1651657512219-450x450.jpg 450w, https:\/\/www.il-lumina.com\/blog\/wp-content\/uploads\/2023\/01\/1651657512219-120x120.jpg 120w, https:\/\/www.il-lumina.com\/blog\/wp-content\/uploads\/2023\/01\/1651657512219-1200x1200.jpg 1200w, https:\/\/www.il-lumina.com\/blog\/wp-content\/uploads\/2023\/01\/1651657512219.jpg 1836w\" data-sizes=\"auto, (max-width: 720px) 100vw, 720px\" \/><p id=\"caption-attachment-574\" class=\"wp-caption-text\">Fuente: il-lumina<\/p><\/div>\n<div id=\"attachment_573\" style=\"width: 730px\" class=\"wp-caption aligncenter\"><img loading=\"lazy\" decoding=\"async\" aria-describedby=\"caption-attachment-573\" class=\"wp-image-573 size-large\" src=\"https:\/\/www.il-lumina.com\/blog\/wp-content\/themes\/breek\/assets\/images\/transparent.gif\" data-lazy=\"true\" data-src=\"https:\/\/www.il-lumina.com\/blog\/wp-content\/uploads\/2023\/01\/1651657190762-pq-974x1024.png\" alt=\"\" width=\"720\" height=\"757\" data-srcset=\"https:\/\/www.il-lumina.com\/blog\/wp-content\/uploads\/2023\/01\/1651657190762-pq-974x1024.png 974w, https:\/\/www.il-lumina.com\/blog\/wp-content\/uploads\/2023\/01\/1651657190762-pq-285x300.png 285w, https:\/\/www.il-lumina.com\/blog\/wp-content\/uploads\/2023\/01\/1651657190762-pq-768x807.png 768w, https:\/\/www.il-lumina.com\/blog\/wp-content\/uploads\/2023\/01\/1651657190762-pq-95x100.png 95w, https:\/\/www.il-lumina.com\/blog\/wp-content\/uploads\/2023\/01\/1651657190762-pq-428x450.png 428w, https:\/\/www.il-lumina.com\/blog\/wp-content\/uploads\/2023\/01\/1651657190762-pq.png 1134w\" data-sizes=\"auto, (max-width: 720px) 100vw, 720px\" \/><p id=\"caption-attachment-573\" class=\"wp-caption-text\">Fuente: il-lumina<\/p><\/div>\n<h2>Iluminaci\u00f3n LED, m\u00e1xima eficiencia y durabilidad.<\/h2>\n<p>A pesar de que llevamos ya muchos a\u00f1os indicando que la tecnolog\u00eda LED es la optima para el ahorro y el impacto medioambiental, insistmos que las ventajas de la iluminaci\u00f3n LED son el bajo consumo de la luminaria permite un importante ahorro energ\u00e9tico y por tanto ahorro en las facturas de electricidad.\u00a0 El LED no emite casi calor, adem\u00e1s produce una luz n\u00edtida y brillante que permite f\u00e1cilmente poder graduarse en temperatura y color. Adem\u00e1s, la mayor durabilidad en comparaci\u00f3n con las bombillas tradicionales y la facilidad de instalaci\u00f3n ofrecen un abanico inmenso de posibilidades.<\/p>\n<p>Si has llegado a este punto del post y realmente necesitas <strong>asesoramiento profesional<\/strong> para tu proyecto de inauguraci\u00f3n o remodelaci\u00f3n de bar o restaurante, no dudes en ponerte en contacto con nosotros y te realizaremos un <strong><a href=\"https:\/\/www.il-lumina.com\/es\/content\/13-proyectos-de-iluminacion\">proyecto de iluminaci\u00f3n gratuito.<\/a><\/strong><\/p>\n","protected":false},"excerpt":{"rendered":"<p>La iluminaci\u00f3n de un bar o restaurante representa un reto para los due\u00f1os de estos establecimientos. Conseguir una iluminaci\u00f3n adecuada permite ofrecer a los clientes&#8230;<\/p>\n","protected":false},"author":1,"featured_media":1111,"comment_status":"open","ping_status":"open","sticky":false,"template":"","format":"standard","meta":{"footnotes":""},"categories":[4],"tags":[25,27,26,22,24],"class_list":["post-536","post","type-post","status-publish","format-standard","has-post-thumbnail","hentry","category-decoracion-con-luces","tag-bares","tag-diseno-de-interiores","tag-hosteleria","tag-iluminacion","tag-restaurantes"],"acf":[],"_links":{"self":[{"href":"https:\/\/www.il-lumina.com\/blog\/wp-json\/wp\/v2\/posts\/536","targetHints":{"allow":["GET"]}}],"collection":[{"href":"https:\/\/www.il-lumina.com\/blog\/wp-json\/wp\/v2\/posts"}],"about":[{"href":"https:\/\/www.il-lumina.com\/blog\/wp-json\/wp\/v2\/types\/post"}],"author":[{"embeddable":true,"href":"https:\/\/www.il-lumina.com\/blog\/wp-json\/wp\/v2\/users\/1"}],"replies":[{"embeddable":true,"href":"https:\/\/www.il-lumina.com\/blog\/wp-json\/wp\/v2\/comments?post=536"}],"version-history":[{"count":42,"href":"https:\/\/www.il-lumina.com\/blog\/wp-json\/wp\/v2\/posts\/536\/revisions"}],"predecessor-version":[{"id":1120,"href":"https:\/\/www.il-lumina.com\/blog\/wp-json\/wp\/v2\/posts\/536\/revisions\/1120"}],"wp:featuredmedia":[{"embeddable":true,"href":"https:\/\/www.il-lumina.com\/blog\/wp-json\/wp\/v2\/media\/1111"}],"wp:attachment":[{"href":"https:\/\/www.il-lumina.com\/blog\/wp-json\/wp\/v2\/media?parent=536"}],"wp:term":[{"taxonomy":"category","embeddable":true,"href":"https:\/\/www.il-lumina.com\/blog\/wp-json\/wp\/v2\/categories?post=536"},{"taxonomy":"post_tag","embeddable":true,"href":"https:\/\/www.il-lumina.com\/blog\/wp-json\/wp\/v2\/tags?post=536"}],"curies":[{"name":"wp","href":"https:\/\/api.w.org\/{rel}","templated":true}]}}