{"id":632,"date":"2023-04-03T18:08:35","date_gmt":"2023-04-03T18:08:35","guid":{"rendered":"https:\/\/www.il-lumina.com\/blog\/?p=632"},"modified":"2024-01-29T12:58:35","modified_gmt":"2024-01-29T12:58:35","slug":"como-iluminar-un-salon-comedor","status":"publish","type":"post","link":"https:\/\/www.il-lumina.com\/blog\/como-iluminar-un-salon-comedor\/","title":{"rendered":"Como iluminar un sal\u00f3n comedor"},"content":{"rendered":"<p>La sala de estar es el centro de nuestro hogar ya que tiene numerosas funciones. Ya sea viendo una serie en la televisi\u00f3n en tu plataforma favorita, leyendo un libro emocionante, compartiendo una comida con la familia, recibiendo visitas o relaj\u00e1ndose con una gran pel\u00edcula es sin duda el lugar del hogar en la que pasamos m\u00e1s horas al d\u00eda. Gracias a la moderna tecnolog\u00eda LED, se puede lograr la iluminaci\u00f3n adecuada para un ambiente adecuado para cada situaci\u00f3n. Aqu\u00ed encontrar\u00e1 consejos e ideas para una hermosa iluminaci\u00f3n del sal\u00f3n comedor.<\/p>\n<p><img loading=\"lazy\" decoding=\"async\" class=\"aligncenter wp-image-635 size-full\" src=\"https:\/\/www.il-lumina.com\/blog\/wp-content\/themes\/breek\/assets\/images\/transparent.gif\" data-lazy=\"true\" data-src=\"https:\/\/www.il-lumina.com\/blog\/wp-content\/uploads\/2023\/03\/plafon.png\" alt=\"iluminaci\u00f3n sal\u00f3n comedor\" width=\"665\" height=\"690\" data-srcset=\"https:\/\/www.il-lumina.com\/blog\/wp-content\/uploads\/2023\/03\/plafon.png 665w, https:\/\/www.il-lumina.com\/blog\/wp-content\/uploads\/2023\/03\/plafon-289x300.png 289w, https:\/\/www.il-lumina.com\/blog\/wp-content\/uploads\/2023\/03\/plafon-96x100.png 96w, https:\/\/www.il-lumina.com\/blog\/wp-content\/uploads\/2023\/03\/plafon-434x450.png 434w\" data-sizes=\"auto, (max-width: 665px) 100vw, 665px\" \/><\/p>\n<h2>Tipos de iluminaci\u00f3n en la sala de estar.<\/h2>\n<p>El sal\u00f3n es la estancia m\u00e1s polivalente de muchas casas. Por lo tanto, la iluminaci\u00f3n deber\u00eda ser igual de variada seg\u00fan la funci\u00f3n en la que la estemos usando La mejor manera de lograr esto es utilizar diferentes fuentes de luz. De este modo, puede encender la luz adecuada en funci\u00f3n del estado de \u00e1nimo y la actividad deseados .<br \/>\nSin embargo, para una iluminaci\u00f3n c\u00f3moda, no es solo la cantidad de l\u00e1mparas LED que se utilizan sino tambi\u00e9n el tipo y la ubicaci\u00f3n son determinantes. La temperatura del color y el brillo tambi\u00e9n tienen un gran impacto en la sensaci\u00f3n de calidez de la luz. Para una lectura concentrada, por ejemplo, la luz debe ser mucho m\u00e1s brillante que cuando se ve la televisi\u00f3n c\u00f3modamente.<\/p>\n<p>Tipos de iluminaci\u00f3n en la sala de estar.<br \/>\nDesde la introducci\u00f3n de la tecnolog\u00eda LED, ha habido una gran cantidad de nuevos tipos de luces para cada aplicaci\u00f3n imaginable. Sin embargo, estos se pueden dividir b\u00e1sicamente en las siguientes categor\u00edas:<br \/>\n\u2022 Iluminaci\u00f3n b\u00e1sica o general<br \/>\n\u2022 Iluminaci\u00f3n de acento<br \/>\n\u2022 Iluminaci\u00f3n decorativa<br \/>\n\u2022 Luz directa e indirecta<\/p>\n<h2>Iluminaci\u00f3n B\u00e1sica o general<\/h2>\n<p>La iluminaci\u00f3n b\u00e1sica tambi\u00e9n se conoce como iluminaci\u00f3n general y est\u00e1 destinada a garantizar una iluminaci\u00f3n uniforme y, sobre todo, sin sombras de la sala de estar. Esto se logra principalmente con <a href=\"https:\/\/www.il-lumina.com\/es\/123-plafones-y-pantallas-de-techo\">l\u00e1mparas de techo<\/a> cl\u00e1sicas.<\/p>\n<h2>Iluminaci\u00f3n puntual o de acento<\/h2>\n<p>Con la iluminaci\u00f3n de acento, tambi\u00e9n puede resaltar \u00e1reas individuales de la sala de estar. Las paredes individuales, los objetos decorativos pueden iluminarse con <a href=\"https:\/\/www.il-lumina.com\/es\/20-focos-y-proyectores-de-interior\">focos orientables<\/a> , los cuadros pueden iluminarse con <a href=\"https:\/\/www.il-lumina.com\/es\/323-iluminacuadros\">ilumina cuadros<\/a> o los muebles se pueden iluminar espec\u00edficamente con focos, apliques o l\u00e1mparas de focos o tambi\u00e9n llamadas <a href=\"https:\/\/www.il-lumina.com\/es\/124-regletas-de-focos\">regletas<\/a>.<\/p>\n<div id=\"attachment_640\" style=\"width: 927px\" class=\"wp-caption aligncenter\"><img loading=\"lazy\" decoding=\"async\" aria-describedby=\"caption-attachment-640\" class=\"wp-image-640 size-full\" src=\"https:\/\/www.il-lumina.com\/blog\/wp-content\/themes\/breek\/assets\/images\/transparent.gif\" data-lazy=\"true\" data-src=\"https:\/\/www.il-lumina.com\/blog\/wp-content\/uploads\/2023\/03\/salon.png\" alt=\"iluminaci\u00f3n sal\u00f3n comedor\" width=\"917\" height=\"702\" data-srcset=\"https:\/\/www.il-lumina.com\/blog\/wp-content\/uploads\/2023\/03\/salon.png 917w, https:\/\/www.il-lumina.com\/blog\/wp-content\/uploads\/2023\/03\/salon-300x230.png 300w, https:\/\/www.il-lumina.com\/blog\/wp-content\/uploads\/2023\/03\/salon-768x588.png 768w, https:\/\/www.il-lumina.com\/blog\/wp-content\/uploads\/2023\/03\/salon-100x77.png 100w, https:\/\/www.il-lumina.com\/blog\/wp-content\/uploads\/2023\/03\/salon-588x450.png 588w\" data-sizes=\"auto, (max-width: 917px) 100vw, 917px\" \/><p id=\"caption-attachment-640\" class=\"wp-caption-text\">Fuente:Pinterest<\/p><\/div>\n<h3>Iluminaci\u00f3n Decorativa<\/h3>\n<p>La iluminaci\u00f3n decorativa consiste en iluminar elementos decorativos como jarrones, figuras u otros objetos. Colocados en el lugar apropiado en la sala de estar, estos son un hermoso punto de atracci\u00f3n. Para ello son ideales las <a href=\"https:\/\/www.il-lumina.com\/es\/23-lamparas-de-mesa\">lamparas de mesa<\/a> que pueden iluminar un rinc\u00f3n.<\/p>\n<p><img loading=\"lazy\" decoding=\"async\" class=\"aligncenter wp-image-636 size-full\" src=\"https:\/\/www.il-lumina.com\/blog\/wp-content\/themes\/breek\/assets\/images\/transparent.gif\" data-lazy=\"true\" data-src=\"https:\/\/www.il-lumina.com\/blog\/wp-content\/uploads\/2023\/03\/mesilla.png\" alt=\"lampara de sobremesa iluminaci\u00f3n sal\u00f3n comedor\" width=\"629\" height=\"690\" data-srcset=\"https:\/\/www.il-lumina.com\/blog\/wp-content\/uploads\/2023\/03\/mesilla.png 629w, https:\/\/www.il-lumina.com\/blog\/wp-content\/uploads\/2023\/03\/mesilla-273x300.png 273w, https:\/\/www.il-lumina.com\/blog\/wp-content\/uploads\/2023\/03\/mesilla-91x100.png 91w, https:\/\/www.il-lumina.com\/blog\/wp-content\/uploads\/2023\/03\/mesilla-410x450.png 410w\" data-sizes=\"auto, (max-width: 629px) 100vw, 629px\" \/><\/p>\n<p>&nbsp;<\/p>\n<h2>Iluminaci\u00f3n directa e indirecta<\/h2>\n<p>Todas las luminarias que emiten su luz directamente en el sal\u00f3n son de luz directa. Si la luz incide en el techo y las paredes, es una iluminaci\u00f3n indirecta.\u00a0 Los ejemplos cl\u00e1sicos son las l\u00e1mparas de techo, que crean una atm\u00f3sfera atmosf\u00e9rica con su luz suave y homog\u00e9nea para todo el espacio.<\/p>\n<p>Los apliques y las tiras LED, son ejemplos t\u00edpicos de luz indirecta. La luz indirecta crea una atmosfera muy agradable ya que evita los destellos y los reflejos, pero tiene un peligro que todos los defectos de las superficies que ilumina.<\/p>\n<h3>Luces a juego para la sala de estar.<\/h3>\n<p>Con una mezcla de diferentes l\u00e1mparas LED puedes conseguir una iluminaci\u00f3n vers\u00e1til para tu sal\u00f3n. Si bien en las zonas del comedor y lectura la luz debe ser agradable y brillante, para los zonas destinadas al relax puede encender la acogedora luz tenue, ideal para ver la televisi\u00f3n. Una soluci\u00f3n adecuada es buscar luminarias o lampar\u00e1s regulables o bien buscar <a href=\"https:\/\/www.il-lumina.com\/es\/122-bombillas-led-inteligentes\">bombillas smart o inteligentes<\/a>.<\/p>\n<p>Puede combinar las siguientes luces para una iluminaci\u00f3n \u00f3ptima de la sala de estar:<\/p>\n<nav>\n<ul>\n<li><a href=\"#plafones\">Iluminaci\u00f3n de techo, plafones<\/a><\/li>\n<li><a href=\"https:\/\/www.il-lumina.com\/es\/124-regletas-de-focos\">L\u00e1mparas de techo con focos orientables<\/a><\/li>\n<li><a href=\"#focos\">Focos empotrados<\/a><\/li>\n<li><a href=\"#colgantes\">L\u00e1mparas colgantes<\/a><\/li>\n<li><a href=\"#pie\">L\u00e1mparas de pie<\/a><\/li>\n<li><a href=\"#pie\">Iluminaci\u00f3n de la pared<\/a><\/li>\n<li><a href=\"#pie\">L\u00e1mparas de lectura<\/a><\/li>\n<\/ul>\n<\/nav>\n<section id=\"#plafones\">\n<h2>Plafones de sal\u00f3n<\/h2>\n<p>La iluminaci\u00f3n del techo proporciona la luminosidad b\u00e1sica en la sala de estar. Tambi\u00e9n se pueden instalar <a href=\"https:\/\/www.il-lumina.com\/es\/123-plafones-y-pantallas-de-techo\">plafones LED<\/a> o l\u00e1mparas colgantes en el techo del sal\u00f3n. La cantidad de luces utilizadas depende del tama\u00f1o y el dise\u00f1o de la habitaci\u00f3n, as\u00ed como del gusto personal. Puedes colocar una luz brillante en el medio de la habitaci\u00f3n o usar varias luces en diferentes posiciones.<\/p>\n<p><a href=\"https:\/\/www.il-lumina.com\/es\/plafones-y-pantallas-de-techo\/4442-plafon-led-techo-61cm-de-metal-y-madera-acabado-blanco-y-madera-18w-regulable-9007371442959.html\"><img loading=\"lazy\" decoding=\"async\" class=\"aligncenter wp-image-641 size-full\" src=\"https:\/\/www.il-lumina.com\/blog\/wp-content\/themes\/breek\/assets\/images\/transparent.gif\" data-lazy=\"true\" data-src=\"https:\/\/www.il-lumina.com\/blog\/wp-content\/uploads\/2023\/03\/plafon.jpg\" alt=\"plafon de madera iluminaci\u00f3n sal\u00f3n comedor\" width=\"648\" height=\"645\" data-srcset=\"https:\/\/www.il-lumina.com\/blog\/wp-content\/uploads\/2023\/03\/plafon.jpg 648w, https:\/\/www.il-lumina.com\/blog\/wp-content\/uploads\/2023\/03\/plafon-300x300.jpg 300w, https:\/\/www.il-lumina.com\/blog\/wp-content\/uploads\/2023\/03\/plafon-150x150.jpg 150w, https:\/\/www.il-lumina.com\/blog\/wp-content\/uploads\/2023\/03\/plafon-100x100.jpg 100w, https:\/\/www.il-lumina.com\/blog\/wp-content\/uploads\/2023\/03\/plafon-452x450.jpg 452w, https:\/\/www.il-lumina.com\/blog\/wp-content\/uploads\/2023\/03\/plafon-120x120.jpg 120w\" data-sizes=\"auto, (max-width: 648px) 100vw, 648px\" \/><\/a><\/p>\n<h3>Plaf\u00f3n central en el techo del sal\u00f3n<\/h3>\n<p>Para salas de estar de hasta unos 20 m\u00b2, a menudo se recomienda una l\u00e1mpara de techo montada en el centro de la habitaci\u00f3n. En habitaciones m\u00e1s grandes, varias luces suelen ser una ventaja, especialmente si se pueden encender individualmente. Por ejemplo, se puede instalar una luz en el \u00e1rea del sof\u00e1 y una segunda luz sobre el comedor.<\/p>\n<h2>\u00bfQu\u00e9 luminosidad debo aplicar en un plaf\u00f3n de techo en un sal\u00f3n?<\/h2>\n<p><a href=\"https:\/\/www.il-lumina.com\/es\/plafones-y-pantallas-de-techo\/4322-plafon-led-techo-70cm-de-metal-y-madera-acabado-negro-opal-y-madera-36w-3000k-9007371439393.html\"><img loading=\"lazy\" decoding=\"async\" class=\"aligncenter wp-image-652 size-full\" src=\"https:\/\/www.il-lumina.com\/blog\/wp-content\/themes\/breek\/assets\/images\/transparent.gif\" data-lazy=\"true\" data-src=\"https:\/\/www.il-lumina.com\/blog\/wp-content\/uploads\/2023\/03\/plafon3.jpg\" alt=\"iluminaci\u00f3n sal\u00f3n comedor\" width=\"684\" height=\"672\" data-srcset=\"https:\/\/www.il-lumina.com\/blog\/wp-content\/uploads\/2023\/03\/plafon3.jpg 684w, https:\/\/www.il-lumina.com\/blog\/wp-content\/uploads\/2023\/03\/plafon3-300x295.jpg 300w, https:\/\/www.il-lumina.com\/blog\/wp-content\/uploads\/2023\/03\/plafon3-100x98.jpg 100w, https:\/\/www.il-lumina.com\/blog\/wp-content\/uploads\/2023\/03\/plafon3-458x450.jpg 458w\" data-sizes=\"auto, (max-width: 684px) 100vw, 684px\" \/><\/a><br \/>\nSe recomienda una luminosidad de unos 100 l\u00famenes por metro cuadrado para la iluminaci\u00f3n b\u00e1sica del sal\u00f3n. En el comedor puede ser m\u00e1s brillante con 150 lm\/m\u00b2. Para bajar el brillo si es necesario, se recomienda encarecidamente la conexi\u00f3n a un regulador de intensidad.<\/p>\n<p>Aqu\u00ed tienes algunos modelos de nuestra web:<\/p>\n<div id=\"attachment_970\" style=\"width: 675px\" class=\"wp-caption aligncenter\"><a href=\"https:\/\/www.il-lumina.com\/es\/regletas-de-focos\/4539-regleta-de-techo-con-5-focos-de-metal-acabado-negro-5xe27-40w-9007371427734.html\"><img loading=\"lazy\" decoding=\"async\" aria-describedby=\"caption-attachment-970\" class=\"wp-image-970 size-epcl_single_content\" src=\"https:\/\/www.il-lumina.com\/blog\/wp-content\/themes\/breek\/assets\/images\/transparent.gif\" data-lazy=\"true\" data-src=\"https:\/\/www.il-lumina.com\/blog\/wp-content\/uploads\/2023\/04\/plafon1-665x450.jpg\" alt=\"Regleta de techo con 5 focos de metal acabado negro 5xE27 40W\" width=\"665\" height=\"450\" data-srcset=\"https:\/\/www.il-lumina.com\/blog\/wp-content\/uploads\/2023\/04\/plafon1-665x450.jpg 665w, https:\/\/www.il-lumina.com\/blog\/wp-content\/uploads\/2023\/04\/plafon1-300x203.jpg 300w, https:\/\/www.il-lumina.com\/blog\/wp-content\/uploads\/2023\/04\/plafon1-100x68.jpg 100w, https:\/\/www.il-lumina.com\/blog\/wp-content\/uploads\/2023\/04\/plafon1.jpg 696w\" data-sizes=\"auto, (max-width: 665px) 100vw, 665px\" \/><\/a><p id=\"caption-attachment-970\" class=\"wp-caption-text\">Regleta de techo con 5 focos de metal acabado negro 5xE27 40W<\/p><\/div>\n<div id=\"attachment_643\" style=\"width: 457px\" class=\"wp-caption aligncenter\"><a href=\"https:\/\/www.il-lumina.com\/es\/plafones-y-pantallas-de-techo\/4077-plafon-circular-metal-con-3-caquillos-e27-24cm-3x20w-4000870797617.html\"><img loading=\"lazy\" decoding=\"async\" aria-describedby=\"caption-attachment-643\" class=\"wp-image-643 size-epcl_single_content\" src=\"https:\/\/www.il-lumina.com\/blog\/wp-content\/themes\/breek\/assets\/images\/transparent.gif\" data-lazy=\"true\" data-src=\"https:\/\/www.il-lumina.com\/blog\/wp-content\/uploads\/2023\/03\/plafon-circular-metal-con-3-caquillos-e27-24cm-3x20w-e1679939699527-447x450.png\" alt=\"plafon negro de techo iluminaci\u00f3n sal\u00f3n comedor\" width=\"447\" height=\"450\" data-srcset=\"https:\/\/www.il-lumina.com\/blog\/wp-content\/uploads\/2023\/03\/plafon-circular-metal-con-3-caquillos-e27-24cm-3x20w-e1679939699527-447x450.png 447w, https:\/\/www.il-lumina.com\/blog\/wp-content\/uploads\/2023\/03\/plafon-circular-metal-con-3-caquillos-e27-24cm-3x20w-e1679939699527-298x300.png 298w, https:\/\/www.il-lumina.com\/blog\/wp-content\/uploads\/2023\/03\/plafon-circular-metal-con-3-caquillos-e27-24cm-3x20w-e1679939699527-150x150.png 150w, https:\/\/www.il-lumina.com\/blog\/wp-content\/uploads\/2023\/03\/plafon-circular-metal-con-3-caquillos-e27-24cm-3x20w-e1679939699527-768x773.png 768w, https:\/\/www.il-lumina.com\/blog\/wp-content\/uploads\/2023\/03\/plafon-circular-metal-con-3-caquillos-e27-24cm-3x20w-e1679939699527-100x100.png 100w, https:\/\/www.il-lumina.com\/blog\/wp-content\/uploads\/2023\/03\/plafon-circular-metal-con-3-caquillos-e27-24cm-3x20w-e1679939699527-120x120.png 120w, https:\/\/www.il-lumina.com\/blog\/wp-content\/uploads\/2023\/03\/plafon-circular-metal-con-3-caquillos-e27-24cm-3x20w-e1679939699527.png 800w\" data-sizes=\"auto, (max-width: 447px) 100vw, 447px\" \/><\/a><p id=\"caption-attachment-643\" class=\"wp-caption-text\">Plaf\u00f3n circular metal con 3 casquillos E27 24cm 3x20W<\/p><\/div>\n<div id=\"attachment_669\" style=\"width: 487px\" class=\"wp-caption aligncenter\"><a href=\"https:\/\/www.il-lumina.com\/es\/plafones-y-pantallas-de-techo\/3921-plafon-76cm-con-5-focos-de-hierro-acabado-dorado-5x20w-e27-8435153258978.html\"><img loading=\"lazy\" decoding=\"async\" aria-describedby=\"caption-attachment-669\" class=\"wp-image-669 size-epcl_single_content\" src=\"https:\/\/www.il-lumina.com\/blog\/wp-content\/themes\/breek\/assets\/images\/transparent.gif\" data-lazy=\"true\" data-src=\"https:\/\/www.il-lumina.com\/blog\/wp-content\/uploads\/2023\/03\/plafon-76cm-con-5-focos-de-hierro-acabado-dorado-5x20w-e27-1-e1679939962847-477x450.png\" alt=\"iluminaci\u00f3n sal\u00f3n comedor \" width=\"477\" height=\"450\" data-srcset=\"https:\/\/www.il-lumina.com\/blog\/wp-content\/uploads\/2023\/03\/plafon-76cm-con-5-focos-de-hierro-acabado-dorado-5x20w-e27-1-e1679939962847-477x450.png 477w, https:\/\/www.il-lumina.com\/blog\/wp-content\/uploads\/2023\/03\/plafon-76cm-con-5-focos-de-hierro-acabado-dorado-5x20w-e27-1-e1679939962847-300x283.png 300w, https:\/\/www.il-lumina.com\/blog\/wp-content\/uploads\/2023\/03\/plafon-76cm-con-5-focos-de-hierro-acabado-dorado-5x20w-e27-1-e1679939962847-100x94.png 100w, https:\/\/www.il-lumina.com\/blog\/wp-content\/uploads\/2023\/03\/plafon-76cm-con-5-focos-de-hierro-acabado-dorado-5x20w-e27-1-e1679939962847.png 600w\" data-sizes=\"auto, (max-width: 477px) 100vw, 477px\" \/><\/a><p id=\"caption-attachment-669\" class=\"wp-caption-text\">Plaf\u00f3n 76cm con 5 focos de hierro acabado dorado 5x20W E27<\/p><\/div>\n<p>&nbsp;<\/p>\n<div id=\"attachment_657\" style=\"width: 467px\" class=\"wp-caption aligncenter\"><a href=\"https:\/\/www.il-lumina.com\/es\/plafones-y-pantallas-de-techo\/2433-plafon-25cm-20w-e14-con-tejido-pantalla-azul-4000870709498.html\"><img loading=\"lazy\" decoding=\"async\" aria-describedby=\"caption-attachment-657\" class=\"wp-image-657 size-epcl_single_content\" src=\"https:\/\/www.il-lumina.com\/blog\/wp-content\/themes\/breek\/assets\/images\/transparent.gif\" data-lazy=\"true\" data-src=\"https:\/\/www.il-lumina.com\/blog\/wp-content\/uploads\/2023\/03\/plafon-25cm-20w-e14-con-tejido-pantalla-azul-e1679939551333-457x450.png\" alt=\"iluminaci\u00f3n sal\u00f3n comedor\" width=\"457\" height=\"450\" data-srcset=\"https:\/\/www.il-lumina.com\/blog\/wp-content\/uploads\/2023\/03\/plafon-25cm-20w-e14-con-tejido-pantalla-azul-e1679939551333-457x450.png 457w, https:\/\/www.il-lumina.com\/blog\/wp-content\/uploads\/2023\/03\/plafon-25cm-20w-e14-con-tejido-pantalla-azul-e1679939551333-300x295.png 300w, https:\/\/www.il-lumina.com\/blog\/wp-content\/uploads\/2023\/03\/plafon-25cm-20w-e14-con-tejido-pantalla-azul-e1679939551333-768x756.png 768w, https:\/\/www.il-lumina.com\/blog\/wp-content\/uploads\/2023\/03\/plafon-25cm-20w-e14-con-tejido-pantalla-azul-e1679939551333-100x98.png 100w, https:\/\/www.il-lumina.com\/blog\/wp-content\/uploads\/2023\/03\/plafon-25cm-20w-e14-con-tejido-pantalla-azul-e1679939551333.png 800w\" data-sizes=\"auto, (max-width: 457px) 100vw, 457px\" \/><\/a><p id=\"caption-attachment-657\" class=\"wp-caption-text\">L\u00e1mpara de techo 25cm 20W E14 pantalla textil acabado azul<\/p><\/div>\n<div id=\"attachment_658\" style=\"width: 459px\" class=\"wp-caption aligncenter\"><a href=\"https:\/\/www.il-lumina.com\/es\/plafones-y-pantallas-de-techo\/4393-plafon-led-techo-46cm-de-metal-y-acrilico-acabado-opal-y-antracita-45w-regulable-9007371409846.html\"><img loading=\"lazy\" decoding=\"async\" aria-describedby=\"caption-attachment-658\" class=\"wp-image-658 size-epcl_single_content\" src=\"https:\/\/www.il-lumina.com\/blog\/wp-content\/themes\/breek\/assets\/images\/transparent.gif\" data-lazy=\"true\" data-src=\"https:\/\/www.il-lumina.com\/blog\/wp-content\/uploads\/2023\/03\/plafon-led-techo-46cm-de-metal-y-acrilico-acabado-opal-y-antracita-45w-regulable-e1679939987747-449x450.png\" alt=\"iluminaci\u00f3n sal\u00f3n comedor\" width=\"449\" height=\"450\" data-srcset=\"https:\/\/www.il-lumina.com\/blog\/wp-content\/uploads\/2023\/03\/plafon-led-techo-46cm-de-metal-y-acrilico-acabado-opal-y-antracita-45w-regulable-e1679939987747-449x450.png 449w, https:\/\/www.il-lumina.com\/blog\/wp-content\/uploads\/2023\/03\/plafon-led-techo-46cm-de-metal-y-acrilico-acabado-opal-y-antracita-45w-regulable-e1679939987747-300x300.png 300w, https:\/\/www.il-lumina.com\/blog\/wp-content\/uploads\/2023\/03\/plafon-led-techo-46cm-de-metal-y-acrilico-acabado-opal-y-antracita-45w-regulable-e1679939987747-150x150.png 150w, https:\/\/www.il-lumina.com\/blog\/wp-content\/uploads\/2023\/03\/plafon-led-techo-46cm-de-metal-y-acrilico-acabado-opal-y-antracita-45w-regulable-e1679939987747-768x770.png 768w, https:\/\/www.il-lumina.com\/blog\/wp-content\/uploads\/2023\/03\/plafon-led-techo-46cm-de-metal-y-acrilico-acabado-opal-y-antracita-45w-regulable-e1679939987747-100x100.png 100w, https:\/\/www.il-lumina.com\/blog\/wp-content\/uploads\/2023\/03\/plafon-led-techo-46cm-de-metal-y-acrilico-acabado-opal-y-antracita-45w-regulable-e1679939987747-120x120.png 120w, https:\/\/www.il-lumina.com\/blog\/wp-content\/uploads\/2023\/03\/plafon-led-techo-46cm-de-metal-y-acrilico-acabado-opal-y-antracita-45w-regulable-e1679939987747.png 800w\" data-sizes=\"auto, (max-width: 449px) 100vw, 449px\" \/><\/a><p id=\"caption-attachment-658\" class=\"wp-caption-text\">Plaf\u00f3n LED techo 46cm de metal y acr\u00edlico acabado opal y antracita 45W REGULABLE<\/p><\/div>\n<div id=\"attachment_651\" style=\"width: 468px\" class=\"wp-caption aligncenter\"><a href=\"https:\/\/www.il-lumina.com\/es\/plafones-y-pantallas-de-techo\/4308-4929-plafon-495cm-led-de-acrilico-y-metal-24w-regulable-compatible-con-alexa.html#\/11-color-negro\"><img loading=\"lazy\" decoding=\"async\" aria-describedby=\"caption-attachment-651\" class=\"wp-image-651 size-epcl_single_content\" src=\"https:\/\/www.il-lumina.com\/blog\/wp-content\/themes\/breek\/assets\/images\/transparent.gif\" data-lazy=\"true\" data-src=\"https:\/\/www.il-lumina.com\/blog\/wp-content\/uploads\/2023\/03\/plafon2-458x450.jpg\" alt=\"iluminaci\u00f3n sal\u00f3n comedor\" width=\"458\" height=\"450\" data-srcset=\"https:\/\/www.il-lumina.com\/blog\/wp-content\/uploads\/2023\/03\/plafon2-458x450.jpg 458w, https:\/\/www.il-lumina.com\/blog\/wp-content\/uploads\/2023\/03\/plafon2-300x295.jpg 300w, https:\/\/www.il-lumina.com\/blog\/wp-content\/uploads\/2023\/03\/plafon2-100x98.jpg 100w, https:\/\/www.il-lumina.com\/blog\/wp-content\/uploads\/2023\/03\/plafon2.jpg 684w\" data-sizes=\"auto, (max-width: 458px) 100vw, 458px\" \/><\/a><p id=\"caption-attachment-651\" class=\"wp-caption-text\">Plaf\u00f3n 49,5cm LED de acr\u00edlico y metal 24W REGULABLE Compatible con Alexa<\/p><\/div>\n<\/section>\n<section id=\"#focos\">\n<h2>Focos empotrados en el sal\u00f3n.<\/h2>\n<p>Una alternativa a las l\u00e1mparas de techo cl\u00e1sicas son los focos empotrados. Estos se instalan en el techo del sal\u00f3n a la distancia deseada. Puedes encontrar una gama super completa en nuestra categoria <a href=\"https:\/\/www.il-lumina.com\/es\/75-downlights-focos-empotrables-led\">Downlights y Focos Empotrables<\/a><\/p>\n<h3>Focos empotrables como iluminaci\u00f3n b\u00e1sica en el sal\u00f3n<\/h3>\n<p>Ahora hay focos empotrables con tecnolog\u00eda LED en innumerables variantes. Algunos focos se pueden girar en un cierto \u00e1ngulo, por ejemplo, para resaltar la pared o un cuadro. La principal ventaja de los focos empotrados es la iluminaci\u00f3n muy uniforme de la sala de estar. Existen adem\u00e1s modelos smart que pueden regularse a trav\u00e9s de Alexa o Google Home a trav\u00e9s de la voz.<\/p>\n<div id=\"attachment_675\" style=\"width: 598px\" class=\"wp-caption aligncenter\"><img loading=\"lazy\" decoding=\"async\" aria-describedby=\"caption-attachment-675\" class=\"wp-image-675 size-full\" src=\"https:\/\/www.il-lumina.com\/blog\/wp-content\/themes\/breek\/assets\/images\/transparent.gif\" data-lazy=\"true\" data-src=\"https:\/\/www.il-lumina.com\/blog\/wp-content\/uploads\/2023\/03\/EMPOTRABLES.jpg\" alt=\"iluminaci\u00f3n sal\u00f3n comedor\" width=\"588\" height=\"498\" data-srcset=\"https:\/\/www.il-lumina.com\/blog\/wp-content\/uploads\/2023\/03\/EMPOTRABLES.jpg 588w, https:\/\/www.il-lumina.com\/blog\/wp-content\/uploads\/2023\/03\/EMPOTRABLES-300x254.jpg 300w, https:\/\/www.il-lumina.com\/blog\/wp-content\/uploads\/2023\/03\/EMPOTRABLES-100x85.jpg 100w, https:\/\/www.il-lumina.com\/blog\/wp-content\/uploads\/2023\/03\/EMPOTRABLES-531x450.jpg 531w\" data-sizes=\"auto, (max-width: 588px) 100vw, 588px\" \/><p id=\"caption-attachment-675\" class=\"wp-caption-text\">Fuente: Pinterest<\/p><\/div>\n<h3>\u00bfCuantos downlights debo utilizar en el techo ?<\/h3>\n<p>Se recomienda una luminosidad de unos 100 l\u00famenes por metro cuadrado para la iluminaci\u00f3n b\u00e1sica del sal\u00f3n. En el comedor puede ser m\u00e1s brillante con 150 lm\/m\u00b2. Para bajar el brillo si es necesario, se recomienda\u00a0 la conexi\u00f3n a un regulador de intensidad.<br \/>\n<\/section>\n<h2>L\u00e1mparas colgantes<\/h2>\n<p>Una l\u00e1mpara colgante LED moderna es muy adecuada para iluminar la mesa del comedor en la sala de estar.<\/p>\n<p><a href=\"https:\/\/www.il-lumina.com\/es\/334-lamparas-colgantes-modernas\"><img loading=\"lazy\" decoding=\"async\" class=\"aligncenter wp-image-703 size-full\" src=\"https:\/\/www.il-lumina.com\/blog\/wp-content\/themes\/breek\/assets\/images\/transparent.gif\" data-lazy=\"true\" data-src=\"https:\/\/www.il-lumina.com\/blog\/wp-content\/uploads\/2023\/03\/lampara-de-techo-led-504cm-23w-acrilico-acabado-blanco-3000k-e1679944201868.png\" alt=\"iluminaci\u00f3n sal\u00f3n comedor\" width=\"800\" height=\"722\" data-srcset=\"https:\/\/www.il-lumina.com\/blog\/wp-content\/uploads\/2023\/03\/lampara-de-techo-led-504cm-23w-acrilico-acabado-blanco-3000k-e1679944201868.png 800w, https:\/\/www.il-lumina.com\/blog\/wp-content\/uploads\/2023\/03\/lampara-de-techo-led-504cm-23w-acrilico-acabado-blanco-3000k-e1679944201868-300x271.png 300w, https:\/\/www.il-lumina.com\/blog\/wp-content\/uploads\/2023\/03\/lampara-de-techo-led-504cm-23w-acrilico-acabado-blanco-3000k-e1679944201868-768x693.png 768w, https:\/\/www.il-lumina.com\/blog\/wp-content\/uploads\/2023\/03\/lampara-de-techo-led-504cm-23w-acrilico-acabado-blanco-3000k-e1679944201868-100x90.png 100w, https:\/\/www.il-lumina.com\/blog\/wp-content\/uploads\/2023\/03\/lampara-de-techo-led-504cm-23w-acrilico-acabado-blanco-3000k-e1679944201868-499x450.png 499w\" data-sizes=\"auto, (max-width: 800px) 100vw, 800px\" \/><\/a><\/p>\n<p>Las luces colgantes se montan principalmente directamente sobre la mesa (mesa de comedor o mesa de caf\u00e9). Aqu\u00ed es donde entran en juego y nadie camina debajo de la l\u00e1mpara que pueda tropezar con ella. Las luces colgantes est\u00e1n disponibles en muchos dise\u00f1os seg\u00fan el estilo elegido.<\/p>\n<div id=\"attachment_677\" style=\"width: 710px\" class=\"wp-caption aligncenter\"><a href=\"https:\/\/www.il-lumina.com\/es\/lamparas-colgantes\/3387-lampara-de-techo-de-36cm-de-metal-y-cuerda-60w-e27-8435045088157.html\"><img loading=\"lazy\" decoding=\"async\" aria-describedby=\"caption-attachment-677\" class=\"wp-image-677 size-full\" src=\"https:\/\/www.il-lumina.com\/blog\/wp-content\/themes\/breek\/assets\/images\/transparent.gif\" data-lazy=\"true\" data-src=\"https:\/\/www.il-lumina.com\/blog\/wp-content\/uploads\/2023\/03\/colgante1.jpg\" alt=\"iluminaci\u00f3n sal\u00f3n comedor\" width=\"700\" height=\"679\" data-srcset=\"https:\/\/www.il-lumina.com\/blog\/wp-content\/uploads\/2023\/03\/colgante1.jpg 700w, https:\/\/www.il-lumina.com\/blog\/wp-content\/uploads\/2023\/03\/colgante1-300x291.jpg 300w, https:\/\/www.il-lumina.com\/blog\/wp-content\/uploads\/2023\/03\/colgante1-100x97.jpg 100w, https:\/\/www.il-lumina.com\/blog\/wp-content\/uploads\/2023\/03\/colgante1-464x450.jpg 464w\" data-sizes=\"auto, (max-width: 700px) 100vw, 700px\" \/><\/a><p id=\"caption-attachment-677\" class=\"wp-caption-text\">L\u00e1mpara de techo de 36cm de metal y cuerda 60W E27<\/p><\/div>\n<div id=\"attachment_963\" style=\"width: 706px\" class=\"wp-caption aligncenter\"><a href=\"https:\/\/www.il-lumina.com\/blog\/wp-content\/uploads\/2023\/04\/lamparas-3-colgantes.jpg\"><img loading=\"lazy\" decoding=\"async\" aria-describedby=\"caption-attachment-963\" class=\"wp-image-963 size-full\" src=\"https:\/\/www.il-lumina.com\/blog\/wp-content\/themes\/breek\/assets\/images\/transparent.gif\" data-lazy=\"true\" data-src=\"https:\/\/www.il-lumina.com\/blog\/wp-content\/uploads\/2023\/04\/lamparas-3-colgantes.jpg\" alt=\"L\u00e1mpara de techo 55cm con 3 pantallas de rafia trenzada natural E27 40W\" width=\"696\" height=\"696\" data-srcset=\"https:\/\/www.il-lumina.com\/blog\/wp-content\/uploads\/2023\/04\/lamparas-3-colgantes.jpg 696w, https:\/\/www.il-lumina.com\/blog\/wp-content\/uploads\/2023\/04\/lamparas-3-colgantes-300x300.jpg 300w, https:\/\/www.il-lumina.com\/blog\/wp-content\/uploads\/2023\/04\/lamparas-3-colgantes-150x150.jpg 150w, https:\/\/www.il-lumina.com\/blog\/wp-content\/uploads\/2023\/04\/lamparas-3-colgantes-100x100.jpg 100w, https:\/\/www.il-lumina.com\/blog\/wp-content\/uploads\/2023\/04\/lamparas-3-colgantes-450x450.jpg 450w, https:\/\/www.il-lumina.com\/blog\/wp-content\/uploads\/2023\/04\/lamparas-3-colgantes-120x120.jpg 120w\" data-sizes=\"auto, (max-width: 696px) 100vw, 696px\" \/><\/a><p id=\"caption-attachment-963\" class=\"wp-caption-text\">L\u00e1mpara de techo 55cm con 3 pantallas de rafia trenzada natural E27 40W<\/p><\/div>\n<div id=\"attachment_679\" style=\"width: 706px\" class=\"wp-caption aligncenter\"><a href=\"https:\/\/www.il-lumina.com\/es\/lamparas-colgantes\/3443-lampara-de-techo-40cm-de-rafia-y-tela-e27-60w-8435045097142.html\"><img loading=\"lazy\" decoding=\"async\" aria-describedby=\"caption-attachment-679\" class=\"wp-image-679 size-full\" src=\"https:\/\/www.il-lumina.com\/blog\/wp-content\/themes\/breek\/assets\/images\/transparent.gif\" data-lazy=\"true\" data-src=\"https:\/\/www.il-lumina.com\/blog\/wp-content\/uploads\/2023\/03\/colgante3.jpg\" alt=\"iluminaci\u00f3n sal\u00f3n comedor\" width=\"696\" height=\"696\" data-srcset=\"https:\/\/www.il-lumina.com\/blog\/wp-content\/uploads\/2023\/03\/colgante3.jpg 696w, https:\/\/www.il-lumina.com\/blog\/wp-content\/uploads\/2023\/03\/colgante3-300x300.jpg 300w, https:\/\/www.il-lumina.com\/blog\/wp-content\/uploads\/2023\/03\/colgante3-150x150.jpg 150w, https:\/\/www.il-lumina.com\/blog\/wp-content\/uploads\/2023\/03\/colgante3-100x100.jpg 100w, https:\/\/www.il-lumina.com\/blog\/wp-content\/uploads\/2023\/03\/colgante3-450x450.jpg 450w, https:\/\/www.il-lumina.com\/blog\/wp-content\/uploads\/2023\/03\/colgante3-120x120.jpg 120w\" data-sizes=\"auto, (max-width: 696px) 100vw, 696px\" \/><\/a><p id=\"caption-attachment-679\" class=\"wp-caption-text\">L\u00e1mpara de techo 40cm de rafia y tela E27 60W<\/p><\/div>\n<div id=\"attachment_682\" style=\"width: 610px\" class=\"wp-caption aligncenter\"><a href=\"https:\/\/www.il-lumina.com\/es\/lamparas-colgantes\/4329-4930-lampara-colgante-con-3-pantallas-vintage-en-negro-mate-y-laton-3-x-e27-60w.html#\/11-color-negro\"><img loading=\"lazy\" decoding=\"async\" aria-describedby=\"caption-attachment-682\" class=\"wp-image-682 size-full\" src=\"https:\/\/www.il-lumina.com\/blog\/wp-content\/themes\/breek\/assets\/images\/transparent.gif\" data-lazy=\"true\" data-src=\"https:\/\/www.il-lumina.com\/blog\/wp-content\/uploads\/2023\/03\/lampara-colgante-con-3-pantallas-vintage-en-negro-mate-y-laton-3-x-e27-60w-e1679941419143.jpg\" alt=\"iluminaci\u00f3n sal\u00f3n comedor\" width=\"600\" height=\"594\" data-srcset=\"https:\/\/www.il-lumina.com\/blog\/wp-content\/uploads\/2023\/03\/lampara-colgante-con-3-pantallas-vintage-en-negro-mate-y-laton-3-x-e27-60w-e1679941419143.jpg 600w, https:\/\/www.il-lumina.com\/blog\/wp-content\/uploads\/2023\/03\/lampara-colgante-con-3-pantallas-vintage-en-negro-mate-y-laton-3-x-e27-60w-e1679941419143-300x297.jpg 300w, https:\/\/www.il-lumina.com\/blog\/wp-content\/uploads\/2023\/03\/lampara-colgante-con-3-pantallas-vintage-en-negro-mate-y-laton-3-x-e27-60w-e1679941419143-150x150.jpg 150w, https:\/\/www.il-lumina.com\/blog\/wp-content\/uploads\/2023\/03\/lampara-colgante-con-3-pantallas-vintage-en-negro-mate-y-laton-3-x-e27-60w-e1679941419143-100x100.jpg 100w, https:\/\/www.il-lumina.com\/blog\/wp-content\/uploads\/2023\/03\/lampara-colgante-con-3-pantallas-vintage-en-negro-mate-y-laton-3-x-e27-60w-e1679941419143-455x450.jpg 455w, https:\/\/www.il-lumina.com\/blog\/wp-content\/uploads\/2023\/03\/lampara-colgante-con-3-pantallas-vintage-en-negro-mate-y-laton-3-x-e27-60w-e1679941419143-120x120.jpg 120w\" data-sizes=\"auto, (max-width: 600px) 100vw, 600px\" \/><\/a><p id=\"caption-attachment-682\" class=\"wp-caption-text\">L\u00e1mpara colgante con 3 pantallas vintage en negro mate y lat\u00f3n 3 x E27 60W<\/p><\/div>\n<h3>\u00bfQu\u00e9 luminosidad debo aplicar en la zona de comedor?<\/h3>\n<p>Se recomienda una luminosidad de unos 150 lm\/m\u00b2 para la iluminaci\u00f3n del comedor. Dado que la l\u00e1mpara colgante cuelga directamente sobre la mesa, puede ser m\u00e1s oscura.<\/p>\n<h2>L\u00e1mparas de pie<\/h2>\n<p>Las l\u00e1mparas de pie a menudo proporcionan una combinaci\u00f3n de luz directa e indirecta. +\u00e7\u00e7 Esto hace que ambas luces sean una gran acierto a la iluminaci\u00f3n de acentuada en la sala de estar. Tienes una gran selecci\u00f3n de l\u00e1mparas de pie en nuestra web, aqu\u00ed tienes algunos ejemplos:<\/p>\n<p><a href=\"https:\/\/www.il-lumina.com\/es\/22-lamparas-de-pie\"><img loading=\"lazy\" decoding=\"async\" class=\"aligncenter wp-image-692 size-full\" src=\"https:\/\/www.il-lumina.com\/blog\/wp-content\/themes\/breek\/assets\/images\/transparent.gif\" data-lazy=\"true\" data-src=\"https:\/\/www.il-lumina.com\/blog\/wp-content\/uploads\/2023\/03\/lampara-de-pie-160cm-de-metal-marmol-y-textil-acabado-negro-y-cobre-20w-e1679942453957.png\" alt=\"iluminaci\u00f3n sal\u00f3n comedor\" width=\"600\" height=\"594\" data-srcset=\"https:\/\/www.il-lumina.com\/blog\/wp-content\/uploads\/2023\/03\/lampara-de-pie-160cm-de-metal-marmol-y-textil-acabado-negro-y-cobre-20w-e1679942453957.png 600w, https:\/\/www.il-lumina.com\/blog\/wp-content\/uploads\/2023\/03\/lampara-de-pie-160cm-de-metal-marmol-y-textil-acabado-negro-y-cobre-20w-e1679942453957-300x297.png 300w, https:\/\/www.il-lumina.com\/blog\/wp-content\/uploads\/2023\/03\/lampara-de-pie-160cm-de-metal-marmol-y-textil-acabado-negro-y-cobre-20w-e1679942453957-150x150.png 150w, https:\/\/www.il-lumina.com\/blog\/wp-content\/uploads\/2023\/03\/lampara-de-pie-160cm-de-metal-marmol-y-textil-acabado-negro-y-cobre-20w-e1679942453957-100x100.png 100w, https:\/\/www.il-lumina.com\/blog\/wp-content\/uploads\/2023\/03\/lampara-de-pie-160cm-de-metal-marmol-y-textil-acabado-negro-y-cobre-20w-e1679942453957-455x450.png 455w, https:\/\/www.il-lumina.com\/blog\/wp-content\/uploads\/2023\/03\/lampara-de-pie-160cm-de-metal-marmol-y-textil-acabado-negro-y-cobre-20w-e1679942453957-120x120.png 120w\" data-sizes=\"auto, (max-width: 600px) 100vw, 600px\" \/><\/a><\/p>\n<p><a href=\"https:\/\/www.il-lumina.com\/es\/22-lamparas-de-pie\"><img loading=\"lazy\" decoding=\"async\" class=\"aligncenter wp-image-690 size-full\" src=\"https:\/\/www.il-lumina.com\/blog\/wp-content\/themes\/breek\/assets\/images\/transparent.gif\" data-lazy=\"true\" data-src=\"https:\/\/www.il-lumina.com\/blog\/wp-content\/uploads\/2023\/03\/lampara-de-pie-150cm-metal-acabado-laton-con-3-focos-e14-3x40w-e1680544670754.png\" alt=\"iluminaci\u00f3n sal\u00f3n comedor\" width=\"600\" height=\"604\" data-srcset=\"https:\/\/www.il-lumina.com\/blog\/wp-content\/uploads\/2023\/03\/lampara-de-pie-150cm-metal-acabado-laton-con-3-focos-e14-3x40w-e1680544670754.png 600w, https:\/\/www.il-lumina.com\/blog\/wp-content\/uploads\/2023\/03\/lampara-de-pie-150cm-metal-acabado-laton-con-3-focos-e14-3x40w-e1680544670754-298x300.png 298w, https:\/\/www.il-lumina.com\/blog\/wp-content\/uploads\/2023\/03\/lampara-de-pie-150cm-metal-acabado-laton-con-3-focos-e14-3x40w-e1680544670754-150x150.png 150w, https:\/\/www.il-lumina.com\/blog\/wp-content\/uploads\/2023\/03\/lampara-de-pie-150cm-metal-acabado-laton-con-3-focos-e14-3x40w-e1680544670754-100x100.png 100w, https:\/\/www.il-lumina.com\/blog\/wp-content\/uploads\/2023\/03\/lampara-de-pie-150cm-metal-acabado-laton-con-3-focos-e14-3x40w-e1680544670754-447x450.png 447w, https:\/\/www.il-lumina.com\/blog\/wp-content\/uploads\/2023\/03\/lampara-de-pie-150cm-metal-acabado-laton-con-3-focos-e14-3x40w-e1680544670754-120x120.png 120w\" data-sizes=\"auto, (max-width: 600px) 100vw, 600px\" \/><\/a><\/p>\n<p><a href=\"https:\/\/www.il-lumina.com\/es\/22-lamparas-de-pie\"><img loading=\"lazy\" decoding=\"async\" class=\"aligncenter wp-image-697 size-full\" src=\"https:\/\/www.il-lumina.com\/blog\/wp-content\/themes\/breek\/assets\/images\/transparent.gif\" data-lazy=\"true\" data-src=\"https:\/\/www.il-lumina.com\/blog\/wp-content\/uploads\/2023\/03\/pie1.jpg\" alt=\"iluminaci\u00f3n sal\u00f3n comedor\" width=\"638\" height=\"696\" data-srcset=\"https:\/\/www.il-lumina.com\/blog\/wp-content\/uploads\/2023\/03\/pie1.jpg 638w, https:\/\/www.il-lumina.com\/blog\/wp-content\/uploads\/2023\/03\/pie1-275x300.jpg 275w, https:\/\/www.il-lumina.com\/blog\/wp-content\/uploads\/2023\/03\/pie1-92x100.jpg 92w, https:\/\/www.il-lumina.com\/blog\/wp-content\/uploads\/2023\/03\/pie1-413x450.jpg 413w\" data-sizes=\"auto, (max-width: 638px) 100vw, 638px\" \/><\/a><\/p>\n<p>&nbsp;<\/p>\n<div id=\"attachment_695\" style=\"width: 370px\" class=\"wp-caption aligncenter\"><a href=\"https:\/\/www.il-lumina.com\/es\/lamparas-de-pie\/1528-lampara-de-pie-galileo-179cm-60w-e27-oscilante-pantalla-negra-y-cobre-con-tripode-altura-regulable-9007371342143.html\"><img loading=\"lazy\" decoding=\"async\" aria-describedby=\"caption-attachment-695\" class=\"wp-image-695 size-epcl_single_content\" src=\"https:\/\/www.il-lumina.com\/blog\/wp-content\/themes\/breek\/assets\/images\/transparent.gif\" data-lazy=\"true\" data-src=\"https:\/\/www.il-lumina.com\/blog\/wp-content\/uploads\/2023\/03\/lampara-de-pie-galileo-160cm-60w-e27-oscilante-pantalla-negra-y-cobre-con-tripode-altura-regulable-360x450.png\" alt=\"iluminaci\u00f3n sal\u00f3n comedor \" width=\"360\" height=\"450\" data-srcset=\"https:\/\/www.il-lumina.com\/blog\/wp-content\/uploads\/2023\/03\/lampara-de-pie-galileo-160cm-60w-e27-oscilante-pantalla-negra-y-cobre-con-tripode-altura-regulable-360x450.png 360w, https:\/\/www.il-lumina.com\/blog\/wp-content\/uploads\/2023\/03\/lampara-de-pie-galileo-160cm-60w-e27-oscilante-pantalla-negra-y-cobre-con-tripode-altura-regulable-240x300.png 240w, https:\/\/www.il-lumina.com\/blog\/wp-content\/uploads\/2023\/03\/lampara-de-pie-galileo-160cm-60w-e27-oscilante-pantalla-negra-y-cobre-con-tripode-altura-regulable-768x960.png 768w, https:\/\/www.il-lumina.com\/blog\/wp-content\/uploads\/2023\/03\/lampara-de-pie-galileo-160cm-60w-e27-oscilante-pantalla-negra-y-cobre-con-tripode-altura-regulable-80x100.png 80w, https:\/\/www.il-lumina.com\/blog\/wp-content\/uploads\/2023\/03\/lampara-de-pie-galileo-160cm-60w-e27-oscilante-pantalla-negra-y-cobre-con-tripode-altura-regulable.png 800w\" data-sizes=\"auto, (max-width: 360px) 100vw, 360px\" \/><\/a><p id=\"caption-attachment-695\" class=\"wp-caption-text\">Lampara de pie Galileo 179cm 60W E27 oscilante pantalla negra y cobre con tripode altura regulable<\/p><\/div>\n<div id=\"attachment_686\" style=\"width: 463px\" class=\"wp-caption aligncenter\"><a href=\"https:\/\/www.il-lumina.com\/es\/balizas-para-jardin\/3298-3380-baliza-para-exterior-90cm-de-altura-con-dos-luces-de-aluminio-y-cristal-ip65-gx53.html#\/62-color-gris_marengo\"><img loading=\"lazy\" decoding=\"async\" aria-describedby=\"caption-attachment-686\" class=\"wp-image-686 size-epcl_single_content\" src=\"https:\/\/www.il-lumina.com\/blog\/wp-content\/themes\/breek\/assets\/images\/transparent.gif\" data-lazy=\"true\" data-src=\"https:\/\/www.il-lumina.com\/blog\/wp-content\/uploads\/2023\/03\/baliza-para-exterior-90cm-de-altura-con-dos-luces-de-aluminio-y-cristal-ip65-gx53-e1679942736686-453x450.png\" alt=\"iluminaci\u00f3n sal\u00f3n comedor\" width=\"453\" height=\"450\" data-srcset=\"https:\/\/www.il-lumina.com\/blog\/wp-content\/uploads\/2023\/03\/baliza-para-exterior-90cm-de-altura-con-dos-luces-de-aluminio-y-cristal-ip65-gx53-e1679942736686-453x450.png 453w, https:\/\/www.il-lumina.com\/blog\/wp-content\/uploads\/2023\/03\/baliza-para-exterior-90cm-de-altura-con-dos-luces-de-aluminio-y-cristal-ip65-gx53-e1679942736686-300x298.png 300w, https:\/\/www.il-lumina.com\/blog\/wp-content\/uploads\/2023\/03\/baliza-para-exterior-90cm-de-altura-con-dos-luces-de-aluminio-y-cristal-ip65-gx53-e1679942736686-150x150.png 150w, https:\/\/www.il-lumina.com\/blog\/wp-content\/uploads\/2023\/03\/baliza-para-exterior-90cm-de-altura-con-dos-luces-de-aluminio-y-cristal-ip65-gx53-e1679942736686-100x100.png 100w, https:\/\/www.il-lumina.com\/blog\/wp-content\/uploads\/2023\/03\/baliza-para-exterior-90cm-de-altura-con-dos-luces-de-aluminio-y-cristal-ip65-gx53-e1679942736686-120x120.png 120w, https:\/\/www.il-lumina.com\/blog\/wp-content\/uploads\/2023\/03\/baliza-para-exterior-90cm-de-altura-con-dos-luces-de-aluminio-y-cristal-ip65-gx53-e1679942736686.png 600w\" data-sizes=\"auto, (max-width: 453px) 100vw, 453px\" \/><\/a><p id=\"caption-attachment-686\" class=\"wp-caption-text\">Esta lampara de exterior puede quedar tambi\u00e9n perfecta en tu comedor<\/p><\/div>\n<div id=\"attachment_687\" style=\"width: 456px\" class=\"wp-caption aligncenter\"><a href=\"https:\/\/www.il-lumina.com\/es\/lamparas-de-pie\/2836-flexo-de-pie-articulado-217cm-niquel-mate-e27-9007371325306.html\"><img loading=\"lazy\" decoding=\"async\" aria-describedby=\"caption-attachment-687\" class=\"wp-image-687 size-epcl_single_content\" src=\"https:\/\/www.il-lumina.com\/blog\/wp-content\/themes\/breek\/assets\/images\/transparent.gif\" data-lazy=\"true\" data-src=\"https:\/\/www.il-lumina.com\/blog\/wp-content\/uploads\/2023\/03\/flexo-de-pie-articulado-217cm-niquel-mate-e1679942994662-446x450.png\" alt=\"iluminaci\u00f3n sal\u00f3n comedor lampara de pie\" width=\"446\" height=\"450\" data-srcset=\"https:\/\/www.il-lumina.com\/blog\/wp-content\/uploads\/2023\/03\/flexo-de-pie-articulado-217cm-niquel-mate-e1679942994662-446x450.png 446w, https:\/\/www.il-lumina.com\/blog\/wp-content\/uploads\/2023\/03\/flexo-de-pie-articulado-217cm-niquel-mate-e1679942994662-297x300.png 297w, https:\/\/www.il-lumina.com\/blog\/wp-content\/uploads\/2023\/03\/flexo-de-pie-articulado-217cm-niquel-mate-e1679942994662-150x150.png 150w, https:\/\/www.il-lumina.com\/blog\/wp-content\/uploads\/2023\/03\/flexo-de-pie-articulado-217cm-niquel-mate-e1679942994662-768x775.png 768w, https:\/\/www.il-lumina.com\/blog\/wp-content\/uploads\/2023\/03\/flexo-de-pie-articulado-217cm-niquel-mate-e1679942994662-100x100.png 100w, https:\/\/www.il-lumina.com\/blog\/wp-content\/uploads\/2023\/03\/flexo-de-pie-articulado-217cm-niquel-mate-e1679942994662-120x120.png 120w, https:\/\/www.il-lumina.com\/blog\/wp-content\/uploads\/2023\/03\/flexo-de-pie-articulado-217cm-niquel-mate-e1679942994662.png 800w\" data-sizes=\"auto, (max-width: 446px) 100vw, 446px\" \/><\/a><p id=\"caption-attachment-687\" class=\"wp-caption-text\">L\u00e1mpara de pie articulada 217cm n\u00edquel mate E27<\/p><\/div>\n<div id=\"attachment_688\" style=\"width: 370px\" class=\"wp-caption aligncenter\"><a href=\"https:\/\/www.il-lumina.com\/es\/lamparas-de-pie\/1522-lampara-de-pie-117cm-60w-beige-articulada-de-madera-y-metal-con-pantalla-para-bombilla-de-rosca-e27-9007371342372.html\"><img loading=\"lazy\" decoding=\"async\" aria-describedby=\"caption-attachment-688\" class=\"wp-image-688 size-epcl_single_content\" src=\"https:\/\/www.il-lumina.com\/blog\/wp-content\/themes\/breek\/assets\/images\/transparent.gif\" data-lazy=\"true\" data-src=\"https:\/\/www.il-lumina.com\/blog\/wp-content\/uploads\/2023\/03\/lampara-de-pie-117cm-60w-beige-articulada-de-madera-y-metal-con-pantalla-para-bombilla-de-rosca-e27-360x450.png\" alt=\"iluminaci\u00f3n sal\u00f3n comedor lampara de pie\" width=\"360\" height=\"450\" data-srcset=\"https:\/\/www.il-lumina.com\/blog\/wp-content\/uploads\/2023\/03\/lampara-de-pie-117cm-60w-beige-articulada-de-madera-y-metal-con-pantalla-para-bombilla-de-rosca-e27-360x450.png 360w, https:\/\/www.il-lumina.com\/blog\/wp-content\/uploads\/2023\/03\/lampara-de-pie-117cm-60w-beige-articulada-de-madera-y-metal-con-pantalla-para-bombilla-de-rosca-e27-240x300.png 240w, https:\/\/www.il-lumina.com\/blog\/wp-content\/uploads\/2023\/03\/lampara-de-pie-117cm-60w-beige-articulada-de-madera-y-metal-con-pantalla-para-bombilla-de-rosca-e27-768x960.png 768w, https:\/\/www.il-lumina.com\/blog\/wp-content\/uploads\/2023\/03\/lampara-de-pie-117cm-60w-beige-articulada-de-madera-y-metal-con-pantalla-para-bombilla-de-rosca-e27-80x100.png 80w, https:\/\/www.il-lumina.com\/blog\/wp-content\/uploads\/2023\/03\/lampara-de-pie-117cm-60w-beige-articulada-de-madera-y-metal-con-pantalla-para-bombilla-de-rosca-e27.png 800w\" data-sizes=\"auto, (max-width: 360px) 100vw, 360px\" \/><\/a><p id=\"caption-attachment-688\" class=\"wp-caption-text\">L\u00e1mpara de pie 117cm 60W beige articulada de madera y metal con pantalla para bombilla de rosca E27<\/p><\/div>\n<div id=\"attachment_689\" style=\"width: 370px\" class=\"wp-caption aligncenter\"><a href=\"https:\/\/www.il-lumina.com\/es\/lamparas-de-pie\/1530-lampara-de-pie-145cm-tripode-de-madera-pantalla-negra-40w-e27-9007371343652.html\"><img loading=\"lazy\" decoding=\"async\" aria-describedby=\"caption-attachment-689\" class=\"wp-image-689 size-epcl_single_content\" src=\"https:\/\/www.il-lumina.com\/blog\/wp-content\/themes\/breek\/assets\/images\/transparent.gif\" data-lazy=\"true\" data-src=\"https:\/\/www.il-lumina.com\/blog\/wp-content\/uploads\/2023\/03\/lampara-de-pie-145cm-tripode-de-madera-pantalla-negra-40w-e27-360x450.png\" alt=\"iluminaci\u00f3n sal\u00f3n comedor lampara de pie\" width=\"360\" height=\"450\" \/><\/a><p id=\"caption-attachment-689\" class=\"wp-caption-text\">L\u00e1mpara de pie 145cm tr\u00edpode de madera pantalla negra 40W E27<\/p><\/div>\n<div id=\"attachment_693\" style=\"width: 370px\" class=\"wp-caption aligncenter\"><a href=\"https:\/\/www.il-lumina.com\/es\/lamparas-de-pie\/4175-lampara-de-pie-brazo-articulado-led-blanca-156-195cm-6w-8435153256561.html\"><img loading=\"lazy\" decoding=\"async\" aria-describedby=\"caption-attachment-693\" class=\"wp-image-693 size-epcl_single_content\" src=\"https:\/\/www.il-lumina.com\/blog\/wp-content\/themes\/breek\/assets\/images\/transparent.gif\" data-lazy=\"true\" data-src=\"https:\/\/www.il-lumina.com\/blog\/wp-content\/uploads\/2023\/03\/lampara-de-pie-brazo-articulado-led-blanca-156-195cm-6w-360x450.png\" alt=\"iluminaci\u00f3n sal\u00f3n comedor lampara de pie\" width=\"360\" height=\"450\" data-srcset=\"https:\/\/www.il-lumina.com\/blog\/wp-content\/uploads\/2023\/03\/lampara-de-pie-brazo-articulado-led-blanca-156-195cm-6w-360x450.png 360w, https:\/\/www.il-lumina.com\/blog\/wp-content\/uploads\/2023\/03\/lampara-de-pie-brazo-articulado-led-blanca-156-195cm-6w-240x300.png 240w, https:\/\/www.il-lumina.com\/blog\/wp-content\/uploads\/2023\/03\/lampara-de-pie-brazo-articulado-led-blanca-156-195cm-6w-768x960.png 768w, https:\/\/www.il-lumina.com\/blog\/wp-content\/uploads\/2023\/03\/lampara-de-pie-brazo-articulado-led-blanca-156-195cm-6w-80x100.png 80w, https:\/\/www.il-lumina.com\/blog\/wp-content\/uploads\/2023\/03\/lampara-de-pie-brazo-articulado-led-blanca-156-195cm-6w.png 800w\" data-sizes=\"auto, (max-width: 360px) 100vw, 360px\" \/><\/a><p id=\"caption-attachment-693\" class=\"wp-caption-text\">L\u00e1mpara de pie brazo articulado LED blanca 156-195cm 6W<\/p><\/div>\n<div id=\"attachment_694\" style=\"width: 370px\" class=\"wp-caption aligncenter\"><a href=\"https:\/\/www.il-lumina.com\/es\/lamparas-de-pie\/3009-lampara-de-pie-de-62cm-de-tela-gris-e27-20w-4000870797358.html\"><img loading=\"lazy\" decoding=\"async\" aria-describedby=\"caption-attachment-694\" class=\"wp-image-694 size-epcl_single_content\" src=\"https:\/\/www.il-lumina.com\/blog\/wp-content\/themes\/breek\/assets\/images\/transparent.gif\" data-lazy=\"true\" data-src=\"https:\/\/www.il-lumina.com\/blog\/wp-content\/uploads\/2023\/03\/lampara-de-pie-de-62cm-de-tela-gris-e27-20w-1-360x450.png\" alt=\"iluminaci\u00f3n sal\u00f3n comedor lampara de pie\" width=\"360\" height=\"450\" data-srcset=\"https:\/\/www.il-lumina.com\/blog\/wp-content\/uploads\/2023\/03\/lampara-de-pie-de-62cm-de-tela-gris-e27-20w-1-360x450.png 360w, https:\/\/www.il-lumina.com\/blog\/wp-content\/uploads\/2023\/03\/lampara-de-pie-de-62cm-de-tela-gris-e27-20w-1-240x300.png 240w, https:\/\/www.il-lumina.com\/blog\/wp-content\/uploads\/2023\/03\/lampara-de-pie-de-62cm-de-tela-gris-e27-20w-1-768x960.png 768w, https:\/\/www.il-lumina.com\/blog\/wp-content\/uploads\/2023\/03\/lampara-de-pie-de-62cm-de-tela-gris-e27-20w-1-80x100.png 80w, https:\/\/www.il-lumina.com\/blog\/wp-content\/uploads\/2023\/03\/lampara-de-pie-de-62cm-de-tela-gris-e27-20w-1.png 800w\" data-sizes=\"auto, (max-width: 360px) 100vw, 360px\" \/><\/a><p id=\"caption-attachment-694\" class=\"wp-caption-text\">L\u00e1mpara de pie de 62cm de tela gris E27 20W<\/p><\/div>\n<div id=\"attachment_696\" style=\"width: 370px\" class=\"wp-caption aligncenter\"><a href=\"https:\/\/www.il-lumina.com\/es\/lamparas-de-pie-de-exterior\/3287-lampara-de-pie-para-exterior-173cm-de-fibra-sintetica-beige-oscuro-e27-ip44-8435153271380.html\"><img loading=\"lazy\" decoding=\"async\" aria-describedby=\"caption-attachment-696\" class=\"wp-image-696 size-epcl_single_content\" src=\"https:\/\/www.il-lumina.com\/blog\/wp-content\/themes\/breek\/assets\/images\/transparent.gif\" data-lazy=\"true\" data-src=\"https:\/\/www.il-lumina.com\/blog\/wp-content\/uploads\/2023\/03\/lampara-de-pie-para-exterior-173cm-de-fibra-sintetica-beige-oscuro-e27-ip44-360x450.png\" alt=\"iluminaci\u00f3n sal\u00f3n comedor lampara de pie\" width=\"360\" height=\"450\" data-srcset=\"https:\/\/www.il-lumina.com\/blog\/wp-content\/uploads\/2023\/03\/lampara-de-pie-para-exterior-173cm-de-fibra-sintetica-beige-oscuro-e27-ip44-360x450.png 360w, https:\/\/www.il-lumina.com\/blog\/wp-content\/uploads\/2023\/03\/lampara-de-pie-para-exterior-173cm-de-fibra-sintetica-beige-oscuro-e27-ip44-240x300.png 240w, https:\/\/www.il-lumina.com\/blog\/wp-content\/uploads\/2023\/03\/lampara-de-pie-para-exterior-173cm-de-fibra-sintetica-beige-oscuro-e27-ip44-768x960.png 768w, https:\/\/www.il-lumina.com\/blog\/wp-content\/uploads\/2023\/03\/lampara-de-pie-para-exterior-173cm-de-fibra-sintetica-beige-oscuro-e27-ip44-80x100.png 80w, https:\/\/www.il-lumina.com\/blog\/wp-content\/uploads\/2023\/03\/lampara-de-pie-para-exterior-173cm-de-fibra-sintetica-beige-oscuro-e27-ip44.png 800w\" data-sizes=\"auto, (max-width: 360px) 100vw, 360px\" \/><\/a><p id=\"caption-attachment-696\" class=\"wp-caption-text\">L\u00e1mpara de pie 173cm de fibra sint\u00e9tica beige oscuro E27 IP44<\/p><\/div>\n<p>&nbsp;<\/p>\n<p>&nbsp;<\/p>\n<p>Adem\u00e1s de las l\u00e1mparas de pie, tambi\u00e9n existen <a href=\"https:\/\/www.il-lumina.com\/es\/23-lamparas-de-mesa\">l\u00e1mparas de mesa<\/a> que consiguen un efecto similar. Estos se pueden colocar en un aparador, por ejemplo.<\/p>\n<div id=\"attachment_706\" style=\"width: 370px\" class=\"wp-caption aligncenter\"><a href=\"https:\/\/www.il-lumina.com\/es\/23-lamparas-de-mesa\"><img loading=\"lazy\" decoding=\"async\" aria-describedby=\"caption-attachment-706\" class=\"wp-image-706 size-epcl_single_content\" src=\"https:\/\/www.il-lumina.com\/blog\/wp-content\/themes\/breek\/assets\/images\/transparent.gif\" data-lazy=\"true\" data-src=\"https:\/\/www.il-lumina.com\/blog\/wp-content\/uploads\/2023\/04\/lampara-de-mesa-26cm-forma-de-cubo-de-madera-blanca-e27-20w-360x450.png\" alt=\"lampara de mesa blanca iluminaci\u00f3n sal\u00f3n comedor lampara de pie\" width=\"360\" height=\"450\" data-srcset=\"https:\/\/www.il-lumina.com\/blog\/wp-content\/uploads\/2023\/04\/lampara-de-mesa-26cm-forma-de-cubo-de-madera-blanca-e27-20w-360x450.png 360w, https:\/\/www.il-lumina.com\/blog\/wp-content\/uploads\/2023\/04\/lampara-de-mesa-26cm-forma-de-cubo-de-madera-blanca-e27-20w-240x300.png 240w, https:\/\/www.il-lumina.com\/blog\/wp-content\/uploads\/2023\/04\/lampara-de-mesa-26cm-forma-de-cubo-de-madera-blanca-e27-20w-768x960.png 768w, https:\/\/www.il-lumina.com\/blog\/wp-content\/uploads\/2023\/04\/lampara-de-mesa-26cm-forma-de-cubo-de-madera-blanca-e27-20w-80x100.png 80w, https:\/\/www.il-lumina.com\/blog\/wp-content\/uploads\/2023\/04\/lampara-de-mesa-26cm-forma-de-cubo-de-madera-blanca-e27-20w.png 800w\" data-sizes=\"auto, (max-width: 360px) 100vw, 360px\" \/><\/a><p id=\"caption-attachment-706\" class=\"wp-caption-text\">L\u00e1mpara de mesa 26cm forma de cubo de madera blanca E27 20W<\/p><\/div>\n<div id=\"attachment_707\" style=\"width: 370px\" class=\"wp-caption aligncenter\"><a href=\"https:\/\/www.il-lumina.com\/es\/lamparas-de-mesa\/1412-lampara-de-mesa-50cm-estilo-nordico-20w-e27-acabado-gris-oscuro-base-cemento-fuste-cobre-4000870796245.html\"><img loading=\"lazy\" decoding=\"async\" aria-describedby=\"caption-attachment-707\" class=\"wp-image-707 size-epcl_single_content\" src=\"https:\/\/www.il-lumina.com\/blog\/wp-content\/themes\/breek\/assets\/images\/transparent.gif\" data-lazy=\"true\" data-src=\"https:\/\/www.il-lumina.com\/blog\/wp-content\/uploads\/2023\/04\/lampara-de-mesa-50cm-estilo-nordico-20w-e27-acabado-gris-oscuro-base-cemento-fuste-cobre-360x450.png\" alt=\"L\u00e1mpara de mesa 50cm estilo n\u00f3rdico 20W E27 acabado gris oscuro base cemento fuste cobre iluminaci\u00f3n sal\u00f3n comedor lampara de pie\" width=\"360\" height=\"450\" data-srcset=\"https:\/\/www.il-lumina.com\/blog\/wp-content\/uploads\/2023\/04\/lampara-de-mesa-50cm-estilo-nordico-20w-e27-acabado-gris-oscuro-base-cemento-fuste-cobre-360x450.png 360w, https:\/\/www.il-lumina.com\/blog\/wp-content\/uploads\/2023\/04\/lampara-de-mesa-50cm-estilo-nordico-20w-e27-acabado-gris-oscuro-base-cemento-fuste-cobre-240x300.png 240w, https:\/\/www.il-lumina.com\/blog\/wp-content\/uploads\/2023\/04\/lampara-de-mesa-50cm-estilo-nordico-20w-e27-acabado-gris-oscuro-base-cemento-fuste-cobre-768x960.png 768w, https:\/\/www.il-lumina.com\/blog\/wp-content\/uploads\/2023\/04\/lampara-de-mesa-50cm-estilo-nordico-20w-e27-acabado-gris-oscuro-base-cemento-fuste-cobre-80x100.png 80w, https:\/\/www.il-lumina.com\/blog\/wp-content\/uploads\/2023\/04\/lampara-de-mesa-50cm-estilo-nordico-20w-e27-acabado-gris-oscuro-base-cemento-fuste-cobre.png 800w\" data-sizes=\"auto, (max-width: 360px) 100vw, 360px\" \/><\/a><p id=\"caption-attachment-707\" class=\"wp-caption-text\">L\u00e1mpara de mesa 50cm estilo n\u00f3rdico 20W E27 acabado gris oscuro base cemento fuste cobre<\/p><\/div>\n<div class=\"mceTemp\"><\/div>\n<div id=\"attachment_709\" style=\"width: 370px\" class=\"wp-caption aligncenter\"><a href=\"https:\/\/www.il-lumina.com\/es\/lamparas-de-mesa\/3085-lampara-de-mesa-de-diseno-modiss-25cm-circular-de-cristal-blanca-e27-60w.html\"><img loading=\"lazy\" decoding=\"async\" aria-describedby=\"caption-attachment-709\" class=\"wp-image-709 size-epcl_single_content\" src=\"https:\/\/www.il-lumina.com\/blog\/wp-content\/themes\/breek\/assets\/images\/transparent.gif\" data-lazy=\"true\" data-src=\"https:\/\/www.il-lumina.com\/blog\/wp-content\/uploads\/2023\/04\/lampara-de-mesa-de-diseno-modiss-25cm-circular-de-cristal-blanca-e27-60w-360x450.png\" alt=\"iluminaci\u00f3n sal\u00f3n comedor lampara de pie\" width=\"360\" height=\"450\" data-srcset=\"https:\/\/www.il-lumina.com\/blog\/wp-content\/uploads\/2023\/04\/lampara-de-mesa-de-diseno-modiss-25cm-circular-de-cristal-blanca-e27-60w-360x450.png 360w, https:\/\/www.il-lumina.com\/blog\/wp-content\/uploads\/2023\/04\/lampara-de-mesa-de-diseno-modiss-25cm-circular-de-cristal-blanca-e27-60w-240x300.png 240w, https:\/\/www.il-lumina.com\/blog\/wp-content\/uploads\/2023\/04\/lampara-de-mesa-de-diseno-modiss-25cm-circular-de-cristal-blanca-e27-60w-768x960.png 768w, https:\/\/www.il-lumina.com\/blog\/wp-content\/uploads\/2023\/04\/lampara-de-mesa-de-diseno-modiss-25cm-circular-de-cristal-blanca-e27-60w-80x100.png 80w, https:\/\/www.il-lumina.com\/blog\/wp-content\/uploads\/2023\/04\/lampara-de-mesa-de-diseno-modiss-25cm-circular-de-cristal-blanca-e27-60w.png 800w\" data-sizes=\"auto, (max-width: 360px) 100vw, 360px\" \/><\/a><p id=\"caption-attachment-709\" class=\"wp-caption-text\">L\u00e1mpara de mesa de dise\u00f1o MODISS 25cm circular de cristal blanca E27 60W<\/p><\/div>\n<p>&nbsp;<\/p>\n<h3>L\u00e1mpara de lectura en la sala de estar<\/h3>\n<p>La lectura requiere mucha tensi\u00f3n en los ojos, por lo que una buena iluminaci\u00f3n es muy importante para la lectura. La iluminaci\u00f3n normal de la habitaci\u00f3n no es adecuada para lecturas prolongadas. Este emite su luz sobre un \u00e1rea grande, por lo que solo una luz de baja intensidad llega al \u00e1rea peque\u00f1a de la p\u00e1gina de un libro.<br \/>\nPor lo tanto, siempre se recomienda una fuente de luz dirigida para la lectura regular. Puede ser una l\u00e1mpara de lectura separada o un uplighter con un brazo separado con una luz de lectura integrada. Lo mejor es que la luz incida sobre el libro de lado y no lo deslumbre. Una l\u00e1mpara de lectura debe producir un flujo luminoso de alrededor de 350 a 400 l\u00famenes.<\/p>\n<div id=\"attachment_712\" style=\"width: 458px\" class=\"wp-caption aligncenter\"><a href=\"https:\/\/www.il-lumina.com\/es\/lamparas-de-pie\/997-lampara-de-pie-color-plata-180cm-con-pantalla-acrilico-1-x-60w-e-27-y-luz-de-lectura-1-x-40w-e14-8421685227865.html\"><img loading=\"lazy\" decoding=\"async\" aria-describedby=\"caption-attachment-712\" class=\"wp-image-712 size-epcl_single_content\" src=\"https:\/\/www.il-lumina.com\/blog\/wp-content\/themes\/breek\/assets\/images\/transparent.gif\" data-lazy=\"true\" data-src=\"https:\/\/www.il-lumina.com\/blog\/wp-content\/uploads\/2023\/04\/lampara-de-pie-color-plata-180cm-con-pantalla-acrilico-1-x-60w-e-27-y-luz-de-lectura-1-x-40w-e1680541137435-448x450.png\" alt=\"L\u00e1mpara de pie color Plata 180cm con pantalla acr\u00edlico 1 X 60W E-27 y luz de lectura 1 X 40W E14 iluminaci\u00f3n sal\u00f3n comedor lampara de pie\" width=\"448\" height=\"450\" data-srcset=\"https:\/\/www.il-lumina.com\/blog\/wp-content\/uploads\/2023\/04\/lampara-de-pie-color-plata-180cm-con-pantalla-acrilico-1-x-60w-e-27-y-luz-de-lectura-1-x-40w-e1680541137435-448x450.png 448w, https:\/\/www.il-lumina.com\/blog\/wp-content\/uploads\/2023\/04\/lampara-de-pie-color-plata-180cm-con-pantalla-acrilico-1-x-60w-e-27-y-luz-de-lectura-1-x-40w-e1680541137435-300x300.png 300w, https:\/\/www.il-lumina.com\/blog\/wp-content\/uploads\/2023\/04\/lampara-de-pie-color-plata-180cm-con-pantalla-acrilico-1-x-60w-e-27-y-luz-de-lectura-1-x-40w-e1680541137435-150x150.png 150w, https:\/\/www.il-lumina.com\/blog\/wp-content\/uploads\/2023\/04\/lampara-de-pie-color-plata-180cm-con-pantalla-acrilico-1-x-60w-e-27-y-luz-de-lectura-1-x-40w-e1680541137435-768x771.png 768w, https:\/\/www.il-lumina.com\/blog\/wp-content\/uploads\/2023\/04\/lampara-de-pie-color-plata-180cm-con-pantalla-acrilico-1-x-60w-e-27-y-luz-de-lectura-1-x-40w-e1680541137435-100x100.png 100w, https:\/\/www.il-lumina.com\/blog\/wp-content\/uploads\/2023\/04\/lampara-de-pie-color-plata-180cm-con-pantalla-acrilico-1-x-60w-e-27-y-luz-de-lectura-1-x-40w-e1680541137435-120x120.png 120w, https:\/\/www.il-lumina.com\/blog\/wp-content\/uploads\/2023\/04\/lampara-de-pie-color-plata-180cm-con-pantalla-acrilico-1-x-60w-e-27-y-luz-de-lectura-1-x-40w-e1680541137435.png 797w\" data-sizes=\"auto, (max-width: 448px) 100vw, 448px\" \/><\/a><p id=\"caption-attachment-712\" class=\"wp-caption-text\">L\u00e1mpara de pie color Plata 180cm con pantalla acr\u00edlico 1 X 60W E-27 y luz de lectura 1 X 40W E14<\/p><\/div>\n<h2>Iluminaci\u00f3n de la pared, Apliques para sal\u00f3n<\/h2>\n<p>Con las luces de pared puedes acentuar puntos y lugares\u00a0 en la sala de estar. Estos pueden instalarse solos en una pared desnuda o en combinaci\u00f3n con un cuadro o elemento decorativo, por ejemplo. Si el color de la luz de las luces de la pared difiere de la iluminaci\u00f3n del techo, estas se destacan y pueden crear un ambiente atmosf\u00e9rico. Puedes ver una gran selecci\u00f3n para decorar los salones y las salas de estar a trav\u00e9s de las paredes en este enlace <a href=\"https:\/\/www.il-lumina.com\/es\/303-apliques-salon-comedor\">Apliques para salon\u00a0<\/a><\/p>\n<div id=\"attachment_717\" style=\"width: 521px\" class=\"wp-caption aligncenter\"><a href=\"https:\/\/www.il-lumina.com\/es\/apliques-para-oficinas-hoteles-y-despachos\/3574-3828-aplique-de-pared-375cm-de-metal-gx53-8435153276941.html#\/11-color-negro\"><img loading=\"lazy\" decoding=\"async\" aria-describedby=\"caption-attachment-717\" class=\"wp-image-717 size-full\" src=\"https:\/\/www.il-lumina.com\/blog\/wp-content\/themes\/breek\/assets\/images\/transparent.gif\" data-lazy=\"true\" data-src=\"https:\/\/www.il-lumina.com\/blog\/wp-content\/uploads\/2023\/04\/aplique-de-pared-375cm-de-metal-gx53-e1680542997192.png\" alt=\"iluminaci\u00f3n sal\u00f3n comedor lampara de pared\" width=\"511\" height=\"603\" data-srcset=\"https:\/\/www.il-lumina.com\/blog\/wp-content\/uploads\/2023\/04\/aplique-de-pared-375cm-de-metal-gx53-e1680542997192.png 511w, https:\/\/www.il-lumina.com\/blog\/wp-content\/uploads\/2023\/04\/aplique-de-pared-375cm-de-metal-gx53-e1680542997192-254x300.png 254w, https:\/\/www.il-lumina.com\/blog\/wp-content\/uploads\/2023\/04\/aplique-de-pared-375cm-de-metal-gx53-e1680542997192-85x100.png 85w, https:\/\/www.il-lumina.com\/blog\/wp-content\/uploads\/2023\/04\/aplique-de-pared-375cm-de-metal-gx53-e1680542997192-381x450.png 381w\" data-sizes=\"auto, (max-width: 511px) 100vw, 511px\" \/><\/a><p id=\"caption-attachment-717\" class=\"wp-caption-text\">Aplique de pared 37,5cm de metal GX53<\/p><\/div>\n<p><img loading=\"lazy\" decoding=\"async\" class=\"aligncenter wp-image-715 size-full\" src=\"https:\/\/www.il-lumina.com\/blog\/wp-content\/themes\/breek\/assets\/images\/transparent.gif\" data-lazy=\"true\" data-src=\"https:\/\/www.il-lumina.com\/blog\/wp-content\/uploads\/2023\/04\/aplique-de-pared-13cm-de-metal-reflector-orientable-en-interior-e27-40w-e1680543102141.png\" alt=\"iluminaci\u00f3n sal\u00f3n comedor lampara de pared\" width=\"600\" height=\"594\" data-srcset=\"https:\/\/www.il-lumina.com\/blog\/wp-content\/uploads\/2023\/04\/aplique-de-pared-13cm-de-metal-reflector-orientable-en-interior-e27-40w-e1680543102141.png 600w, https:\/\/www.il-lumina.com\/blog\/wp-content\/uploads\/2023\/04\/aplique-de-pared-13cm-de-metal-reflector-orientable-en-interior-e27-40w-e1680543102141-300x297.png 300w, https:\/\/www.il-lumina.com\/blog\/wp-content\/uploads\/2023\/04\/aplique-de-pared-13cm-de-metal-reflector-orientable-en-interior-e27-40w-e1680543102141-150x150.png 150w, https:\/\/www.il-lumina.com\/blog\/wp-content\/uploads\/2023\/04\/aplique-de-pared-13cm-de-metal-reflector-orientable-en-interior-e27-40w-e1680543102141-100x100.png 100w, https:\/\/www.il-lumina.com\/blog\/wp-content\/uploads\/2023\/04\/aplique-de-pared-13cm-de-metal-reflector-orientable-en-interior-e27-40w-e1680543102141-455x450.png 455w, https:\/\/www.il-lumina.com\/blog\/wp-content\/uploads\/2023\/04\/aplique-de-pared-13cm-de-metal-reflector-orientable-en-interior-e27-40w-e1680543102141-120x120.png 120w\" data-sizes=\"auto, (max-width: 600px) 100vw, 600px\" \/><\/p>\n<p>&nbsp;<\/p>\n<p>En amplia categor\u00eda podr\u00e1s elegir tu aplique seg\u00fan tus gustos o necesidades:<\/p>\n<ul>\n<li data-depth=\"0\"><a href=\"https:\/\/www.il-lumina.com\/es\/307-apliques-clasicos-y-antiguos\">Apliques de Pared Cl\u00e1sicos y Antiguos<\/a><\/li>\n<li data-depth=\"0\"><a href=\"https:\/\/www.il-lumina.com\/es\/306-apliques-con-interruptor-y-enchufe\">Apliques con interruptor y enchufe<\/a><\/li>\n<li data-depth=\"0\"><a href=\"https:\/\/www.il-lumina.com\/es\/308-apliques-de-diseno\">Apliques de pared de Dise\u00f1o<\/a><\/li>\n<li data-depth=\"0\"><a href=\"https:\/\/www.il-lumina.com\/es\/309-apliques-de-pared-modernos\">Apliques de pared Modernos<\/a><\/li>\n<li data-depth=\"0\"><a href=\"https:\/\/www.il-lumina.com\/es\/311-comprar-apliques-de-pared-blancos\">Apliques de Pared Blancos<\/a><\/li>\n<li data-depth=\"0\"><a href=\"https:\/\/www.il-lumina.com\/es\/312-comprar-apliques-de-pared-vintage\">Apliques de pared Vintage<\/a><\/li>\n<\/ul>\n<h3>Las luces de pared brindan grandes acentos en la sala de estar<\/h3>\n<p>Iluminaci\u00f3n indirecta en el sal\u00f3n.<br \/>\nCon la luz indirecta puedes crear grandes efectos en el sal\u00f3n. Aqu\u00ed la luz no se irradia directamente a la habitaci\u00f3n, sino contra la pared o el techo. La luz reflejada all\u00ed es agradablemente suave y es un buen complemento para la iluminaci\u00f3n del techo.\u00a0 La t\u00e9cnica de iluminaci\u00f3n indirecta se caracteriza por no focalizarse en un objeto o \u00e1rea espec\u00edfica, sino que se extiende uniformemente por toda la habitaci\u00f3n. Este enfoque tiene la ventaja de reducir la presencia de contrastes excesivos de luz y sombra, lo que conduce a la creaci\u00f3n de una atm\u00f3sfera visualmente m\u00e1s atractiva y acogedora. Eso si aseg\u00farate que la pared no tiene grandes desperfectos ya que con la luz indirecta se realzan los defectos.<\/p>\n<p><strong>La luz indirecta en la sala de estar crea hermosos efectos.<\/strong><br \/>\nCon las<a href=\"https:\/\/www.il-lumina.com\/es\/190-tiras-led\"> tiras de LED <\/a>puede crear f\u00e1cilmente una iluminaci\u00f3n indirecta para la sala de estar. Para ello, las tiras de LED se fijan a la pared o al techo detr\u00e1s de un borde de protecci\u00f3n contra el deslumbramiento. Con las coloridas tiras de LED tambi\u00e9n puede configurar todos los colores imaginables para adaptarse al estado de \u00e1nimo. Adem\u00e1s son perfectamente controlables a traves de app, lo cual permite ajustar a nuestro antojo.<\/p>\n<p><img loading=\"lazy\" decoding=\"async\" class=\"aligncenter wp-image-724 size-full\" src=\"https:\/\/www.il-lumina.com\/blog\/wp-content\/themes\/breek\/assets\/images\/transparent.gif\" data-lazy=\"true\" data-src=\"https:\/\/www.il-lumina.com\/blog\/wp-content\/uploads\/2023\/04\/paulmann-led-strip-50cm-max-led-rgb2700k-6w-24v-e1680544480378.png\" alt=\"iluminaci\u00f3n sal\u00f3n comedor tiras led \" width=\"600\" height=\"215\" data-srcset=\"https:\/\/www.il-lumina.com\/blog\/wp-content\/uploads\/2023\/04\/paulmann-led-strip-50cm-max-led-rgb2700k-6w-24v-e1680544480378.png 600w, https:\/\/www.il-lumina.com\/blog\/wp-content\/uploads\/2023\/04\/paulmann-led-strip-50cm-max-led-rgb2700k-6w-24v-e1680544480378-300x108.png 300w, https:\/\/www.il-lumina.com\/blog\/wp-content\/uploads\/2023\/04\/paulmann-led-strip-50cm-max-led-rgb2700k-6w-24v-e1680544480378-100x36.png 100w\" data-sizes=\"auto, (max-width: 600px) 100vw, 600px\" \/><\/p>\n<h2>Propiedades de luz \u00f3ptimas<\/h2>\n<p>Adem\u00e1s de las distintas luces y sus propiedades individuales, tambi\u00e9n son importantes el color de la luz y su calidad de reproducci\u00f3n crom\u00e1tica, as\u00ed como la luminosidad.<\/p>\n<p>La luminosidad de la iluminaci\u00f3n del sal\u00f3n es b\u00e1sicamente una cuesti\u00f3n de gustos. Si todav\u00eda usa l\u00e1mparas con tecnolog\u00eda hal\u00f3gena antigua, puede usar su brillo como gu\u00eda cuando cambie a la tecnolog\u00eda LED. Para hacer esto, puede convertir la potencia antigua en el valor de lumen del LED .<\/p>\n<p>De lo contrario, se recomiendan los siguientes valores para el flujo luminoso:<\/p>\n<p>iluminaci\u00f3n b\u00e1sica 100 lm\/m\u00b2<br \/>\niluminaci\u00f3n de acento 200lm\/m\u00b2<br \/>\ncomedor 150 lm\/m\u00b2<br \/>\nlampara de lectura 350 \u2013 400 lm<\/p>\n<h2>Recomendaciones de flujo luminoso para el sal\u00f3n<\/h2>\n<p>\u00bfQu\u00e9 temperatura de color?<br \/>\nEl color de la luz (temperatura de color) determina c\u00f3mo se percibe la luz. Se recomienda una temperatura de color blanco c\u00e1lido de 2700 Kelvin para una luz acogedora en la sala de estar . La luz blanca neutra con alrededor de 3500 Kelvin es m\u00e1s adecuada para una luz de lectura, ya que cansa menos la vista.<\/p>\n<p><img loading=\"lazy\" decoding=\"async\" class=\"aligncenter wp-image-726 size-full\" src=\"https:\/\/www.il-lumina.com\/blog\/wp-content\/themes\/breek\/assets\/images\/transparent.gif\" data-lazy=\"true\" data-src=\"https:\/\/www.il-lumina.com\/blog\/wp-content\/uploads\/2023\/04\/portadas.jpg\" alt=\"iluminaci\u00f3n sal\u00f3n comedor\" width=\"722\" height=\"477\" data-srcset=\"https:\/\/www.il-lumina.com\/blog\/wp-content\/uploads\/2023\/04\/portadas.jpg 722w, https:\/\/www.il-lumina.com\/blog\/wp-content\/uploads\/2023\/04\/portadas-300x198.jpg 300w, https:\/\/www.il-lumina.com\/blog\/wp-content\/uploads\/2023\/04\/portadas-100x66.jpg 100w, https:\/\/www.il-lumina.com\/blog\/wp-content\/uploads\/2023\/04\/portadas-681x450.jpg 681w\" data-sizes=\"auto, (max-width: 722px) 100vw, 722px\" \/><br \/>\nEl \u00edndice de reproducci\u00f3n crom\u00e1tica describe la naturalidad de los colores del entorno iluminado. Para muchas luces, este valor se da con la abreviatura Ra o CRI en el empaque. Se especifica un valor m\u00ednimo de Ra 80 para luces en tiendas minoristas, donde los colores a veces parecen muy naturales. Si necesita una mejor reproducci\u00f3n crom\u00e1tica con un valor Ra m\u00e1s alto para sus propias luces, es cuesti\u00f3n de gustos.<\/p>\n<p>Conclusi\u00f3n<br \/>\nLa iluminaci\u00f3n perfecta en la sala de estar se puede lograr principalmente a trav\u00e9s de una combinaci\u00f3n de diferentes luces. Con una combinaci\u00f3n de l\u00e1mpara LED de techo, l\u00e1mpara de pared y l\u00e1mpara de techo con brillo ajustable, puede configurar la luz adecuada en su sala de estar para cada escenario. Los consejos presentados aqu\u00ed le dar\u00e1n una buena visi\u00f3n general de c\u00f3mo puede escenificar la iluminaci\u00f3n de su sala de estar.<\/p>\n","protected":false},"excerpt":{"rendered":"<p>La sala de estar es el centro de nuestro hogar ya que tiene numerosas funciones. Ya sea viendo una serie en la televisi\u00f3n en tu&#8230;<\/p>\n","protected":false},"author":1,"featured_media":726,"comment_status":"open","ping_status":"open","sticky":false,"template":"","format":"standard","meta":{"footnotes":""},"categories":[4],"tags":[29,8,27,22,23,9,15,31,32,13,30,28],"class_list":["post-632","post","type-post","status-publish","format-standard","has-post-thumbnail","hentry","category-decoracion-con-luces","tag-comedor","tag-consejos-iluminacion","tag-diseno-de-interiores","tag-iluminacion","tag-iluminacion-led","tag-iluminacion-profesional","tag-iluminar-buhardillas","tag-lamparas-de-mesa","tag-lamparas-de-pie","tag-lighting","tag-plafones","tag-salon"],"acf":[],"_links":{"self":[{"href":"https:\/\/www.il-lumina.com\/blog\/wp-json\/wp\/v2\/posts\/632","targetHints":{"allow":["GET"]}}],"collection":[{"href":"https:\/\/www.il-lumina.com\/blog\/wp-json\/wp\/v2\/posts"}],"about":[{"href":"https:\/\/www.il-lumina.com\/blog\/wp-json\/wp\/v2\/types\/post"}],"author":[{"embeddable":true,"href":"https:\/\/www.il-lumina.com\/blog\/wp-json\/wp\/v2\/users\/1"}],"replies":[{"embeddable":true,"href":"https:\/\/www.il-lumina.com\/blog\/wp-json\/wp\/v2\/comments?post=632"}],"version-history":[{"count":66,"href":"https:\/\/www.il-lumina.com\/blog\/wp-json\/wp\/v2\/posts\/632\/revisions"}],"predecessor-version":[{"id":730,"href":"https:\/\/www.il-lumina.com\/blog\/wp-json\/wp\/v2\/posts\/632\/revisions\/730"}],"wp:featuredmedia":[{"embeddable":true,"href":"https:\/\/www.il-lumina.com\/blog\/wp-json\/wp\/v2\/media\/726"}],"wp:attachment":[{"href":"https:\/\/www.il-lumina.com\/blog\/wp-json\/wp\/v2\/media?parent=632"}],"wp:term":[{"taxonomy":"category","embeddable":true,"href":"https:\/\/www.il-lumina.com\/blog\/wp-json\/wp\/v2\/categories?post=632"},{"taxonomy":"post_tag","embeddable":true,"href":"https:\/\/www.il-lumina.com\/blog\/wp-json\/wp\/v2\/tags?post=632"}],"curies":[{"name":"wp","href":"https:\/\/api.w.org\/{rel}","templated":true}]}}